{"id":8700,"date":"2026-03-12T00:17:39","date_gmt":"2026-03-12T03:17:39","guid":{"rendered":"https:\/\/www.7tvs.com.br\/7tvs\/2026\/03\/12\/cpmido-inss-revisao-stf\/"},"modified":"2026-03-12T00:17:39","modified_gmt":"2026-03-12T03:17:39","slug":"cpmido-inss-revisao-stf","status":"publish","type":"post","link":"https:\/\/www.7tvs.com.br\/7tvs\/2026\/03\/12\/cpmido-inss-revisao-stf\/","title":{"rendered":"CPMI do INSS solicita revis\u00e3o do STF sobre depoimento de banqueiro"},"content":{"rendered":"\n<p>O presidente da Comiss\u00e3o Parlamentar Mista de Inqu\u00e9rito (CPMI) do INSS, senador Carlos Viana, se reuniu nesta quarta-feira (11) com o ministro Andr\u00e9 Mendon\u00e7a, do Supremo Tribunal Federal (STF), em busca de uma revis\u00e3o das decis\u00f5es que barraram depoimentos de investigados na comiss\u00e3o. Entre os convocados est\u00e1 o banqueiro Daniel Vorcaro, propriet\u00e1rio do Banco Master, cuja presen\u00e7a \u00e9 considerada crucial para os trabalhos da CPMI.<\/p>\n\n\n\n<h2 class=\"wp-block-heading\">Movimenta\u00e7\u00f5es no STF sobre depoimentos<\/h2>\n\n\n\n<p>Durante a reuni\u00e3o, o senador Viana destacou que o ministro Mendon\u00e7a manifestou a inten\u00e7\u00e3o de liberar para julgamento colegiado os recursos apresentados pela CPMI, permitindo que Vorcaro e outros investigados sejam ouvidos. No m\u00eas anterior, o ministro j\u00e1 havia dado a possibilidade de que o banqueiro prestasse seu depoimento, embora ainda n\u00e3o houvesse uma defini\u00e7\u00e3o final.<\/p>\n\n\n\n<h2 class=\"wp-block-heading\">Import\u00e2ncia do depoimento de Vorcaro<\/h2>\n\n\n\n<p>Viana enfatizou a relev\u00e2ncia da presen\u00e7a de Vorcaro na CPMI, afirmando que &#039;para n\u00f3s, \u00e9 uma quest\u00e3o de honra o comparecimento&#039;. Segundo ele, o banqueiro ser\u00e1 tratado de forma igualit\u00e1ria a outros depoentes, com a expectativa de que forne\u00e7a esclarecimentos sobre sua suposta liga\u00e7\u00e3o com empres\u00e1rios que realizavam consigna\u00e7\u00f5es ilegais a aposentados e pensionistas do INSS.<\/p>\n\n\n\n<h2 class=\"wp-block-heading\">Cr\u00edticas \u00e0 decis\u00e3o de Fl\u00e1vio Dino<\/h2>\n\n\n\n<p>Ap\u00f3s a reuni\u00e3o com Mendon\u00e7a, Viana tamb\u00e9m aproveitou para criticar a decis\u00e3o do ministro Fl\u00e1vio Dino, que autorizou a presidente do Palmeiras e da Crefisa, Leila Pereira, a desmarcar seu depoimento agendado para esta quinta-feira (12). Leila anunciou que n\u00e3o comparecer\u00e1 \u00e0 CPMI, mas um novo depoimento foi marcado para a pr\u00f3xima quarta-feira (18).<\/p>\n\n\n\n<h2 class=\"wp-block-heading\">Preocupa\u00e7\u00f5es sobre prerrogativas do Congresso<\/h2>\n\n\n\n<p>O senador expressou sua insatisfa\u00e7\u00e3o com a situa\u00e7\u00e3o, afirmando que essa decis\u00e3o reflete uma invas\u00e3o das prerrogativas do Congresso. &#039;Vir ao Congresso Nacional \u00e9 mais importante que uma agenda pessoal&#039;, comentou, ressaltando a necessidade de um posicionamento firme por parte dos parlamentares em rela\u00e7\u00e3o a essas interfer\u00eancias.<\/p>\n\n\n\n<h2 class=\"wp-block-heading\">Vazamentos de dados sigilosos<\/h2>\n\n\n\n<p>Em rela\u00e7\u00e3o aos vazamentos de informa\u00e7\u00f5es sigilosas dos dados banc\u00e1rios, fiscais e telem\u00e1ticos de Vorcaro, Viana defendeu que a comiss\u00e3o n\u00e3o \u00e9 respons\u00e1vel por esses incidentes. Na semana passada, Mendon\u00e7a ordenou \u00e0 Pol\u00edcia Federal que iniciasse um inqu\u00e9rito para investigar a origem dos vazamentos. O senador afirmou que a CPMI n\u00e3o possui a maioria dos documentos que foram divulgados e reafirmou seu compromisso com a prote\u00e7\u00e3o das informa\u00e7\u00f5es que lhe foram confiadas.<\/p>\n\n\n\n<h2 class=\"wp-block-heading\">Conclus\u00e3o<\/h2>\n\n\n\n<p>A CPMI do INSS continua a lutar por transpar\u00eancia e justi\u00e7a em suas investiga\u00e7\u00f5es, buscando garantir que todos os envolvidos, especialmente figuras como Daniel Vorcaro, sejam ouvidos. As tens\u00f5es entre os poderes Executivo e Legislativo ressaltam a import\u00e2ncia do respeito \u00e0s prerrogativas do Congresso, enquanto a investiga\u00e7\u00e3o dos vazamentos de dados sigilosos se torna uma quest\u00e3o de grande relev\u00e2ncia para a credibilidade da comiss\u00e3o.<\/p>\n","protected":false},"excerpt":{"rendered":"<p>O presidente da Comiss\u00e3o Parlamentar Mista de Inqu\u00e9rito (CPMI) do INSS, senador Carlos Viana, se reuniu nesta quarta-feira (11) com o ministro Andr\u00e9 Mendon\u00e7a, do Supremo Tribunal Federal (STF), em busca de uma revis\u00e3o das decis\u00f5es que barraram depoimentos de investigados na comiss\u00e3o. Entre os convocados est\u00e1 o banqueiro Daniel Vorcaro, propriet\u00e1rio do Banco Master, [&hellip;]<\/p>\n","protected":false},"author":4,"featured_media":0,"comment_status":"open","ping_status":"open","sticky":false,"template":"","format":"standard","meta":{"footnotes":""},"categories":[765],"tags":[734,733,1261,687,684],"class_list":["post-8700","post","type-post","status-publish","format-standard","hentry","category-ultimas-news","tag-cpmi","tag-daniel-vorcaro","tag-depoimento","tag-inss","tag-stf"],"_links":{"self":[{"href":"https:\/\/www.7tvs.com.br\/7tvs\/wp-json\/wp\/v2\/posts\/8700","targetHints":{"allow":["GET"]}}],"collection":[{"href":"https:\/\/www.7tvs.com.br\/7tvs\/wp-json\/wp\/v2\/posts"}],"about":[{"href":"https:\/\/www.7tvs.com.br\/7tvs\/wp-json\/wp\/v2\/types\/post"}],"author":[{"embeddable":true,"href":"https:\/\/www.7tvs.com.br\/7tvs\/wp-json\/wp\/v2\/users\/4"}],"replies":[{"embeddable":true,"href":"https:\/\/www.7tvs.com.br\/7tvs\/wp-json\/wp\/v2\/comments?post=8700"}],"version-history":[{"count":0,"href":"https:\/\/www.7tvs.com.br\/7tvs\/wp-json\/wp\/v2\/posts\/8700\/revisions"}],"wp:attachment":[{"href":"https:\/\/www.7tvs.com.br\/7tvs\/wp-json\/wp\/v2\/media?parent=8700"}],"wp:term":[{"taxonomy":"category","embeddable":true,"href":"https:\/\/www.7tvs.com.br\/7tvs\/wp-json\/wp\/v2\/categories?post=8700"},{"taxonomy":"post_tag","embeddable":true,"href":"https:\/\/www.7tvs.com.br\/7tvs\/wp-json\/wp\/v2\/tags?post=8700"}],"curies":[{"name":"wp","href":"https:\/\/api.w.org\/{rel}","templated":true}]}}