{"id":8697,"date":"2026-03-12T00:16:57","date_gmt":"2026-03-12T03:16:57","guid":{"rendered":"https:\/\/www.7tvs.com.br\/7tvs\/2026\/03\/12\/estudante-no-controle\/"},"modified":"2026-03-12T00:16:57","modified_gmt":"2026-03-12T03:16:57","slug":"estudante-no-controle","status":"publish","type":"post","link":"https:\/\/www.7tvs.com.br\/7tvs\/2026\/03\/12\/estudante-no-controle\/","title":{"rendered":"Programa Estudante no Controle Oferece 180 Vagas e Pr\u00eamios de R$ 369 Mil para Estudantes em MS"},"content":{"rendered":"\n<p>As inscri\u00e7\u00f5es para a nova edi\u00e7\u00e3o do programa Estudante no Controle est\u00e3o abertas, oferecendo aos jovens a oportunidade de entender na pr\u00e1tica como funciona o controle social e a gest\u00e3o p\u00fablica. Com foco na participa\u00e7\u00e3o ativa, os estudantes poder\u00e3o desenvolver a\u00e7\u00f5es que visem a melhoria do ambiente escolar, al\u00e9m de fortalecer a cidadania entre seus colegas.<\/p>\n\n\n\n<h2 class=\"wp-block-heading\">Objetivos e Metodologia do Programa<\/h2>\n\n\n\n<p>O programa \u00e9 estruturado em cinco etapas distintas: oficina de capacita\u00e7\u00e3o, auditoria c\u00edvica, elabora\u00e7\u00e3o de um plano de a\u00e7\u00e3o, realiza\u00e7\u00e3o de uma tarefa especial e um desafio final. Durante essas fases, os alunos t\u00eam a chance de investigar a realidade de suas escolas, identificando problemas como infraestrutura, sustentabilidade e inclus\u00e3o. A partir desse levantamento, eles s\u00e3o incentivados a criar projetos de interven\u00e7\u00e3o que visem solucionar as quest\u00f5es detectadas.<\/p>\n\n\n\n<h2 class=\"wp-block-heading\">Premia\u00e7\u00f5es e Participa\u00e7\u00e3o<\/h2>\n\n\n\n<p>As iniciativas mais impactantes ser\u00e3o premiadas, com um total de R$ 369 mil dispon\u00edveis para distribui\u00e7\u00e3o. O edital prev\u00ea que 15 escolas, juntamente com seus professores e equipes de estudantes, ser\u00e3o contempladas com pr\u00eamios em dinheiro. Essa \u00e9 uma excelente motiva\u00e7\u00e3o para os participantes, que podem ver suas ideias transformadas em realidade e reconhecidas pela sua relev\u00e2ncia.<\/p>\n\n\n\n<h2 class=\"wp-block-heading\">Quem Pode Participar<\/h2>\n\n\n\n<p>O programa \u00e9 aberto a todas as escolas de ensino fundamental (6\u00ba ao 9\u00ba ano) e m\u00e9dio (1\u00ba ao 3\u00ba ano), abrangendo tamb\u00e9m a educa\u00e7\u00e3o de jovens e adultos, educa\u00e7\u00e3o profissional, al\u00e9m de escolas ind\u00edgenas, quilombolas, rurais e c\u00edvico-militares. As inscri\u00e7\u00f5es devem ser realizadas at\u00e9 o dia 5 de abril, sendo que o diretor ou diretor adjunto da institui\u00e7\u00e3o deve formalizar a inscri\u00e7\u00e3o e escolher um professor-orientador para acompanhar os alunos durante o processo.<\/p>\n\n\n\n<h2 class=\"wp-block-heading\">Hist\u00f3rico do Programa<\/h2>\n\n\n\n<p>Iniciado em 2018, o Estudante no Controle j\u00e1 teve edi\u00e7\u00f5es anteriores em que se destacaram a participa\u00e7\u00e3o de milhares de estudantes. Em 2025, a iniciativa contou com 150 vagas distribu\u00eddas em 56 munic\u00edpios, envolvendo 3.240 alunos e premia\u00e7\u00f5es que totalizaram R$ 351.750,00. Projetos premiados em anos anteriores demonstraram um forte compromisso com a sustentabilidade e o bem-estar, como o implementado pela Escola Estadual S\u00e3o Jos\u00e9, que criou um sistema de gest\u00e3o de res\u00edduos e coleta seletiva.<\/p>\n\n\n\n<h2 class=\"wp-block-heading\">Conclus\u00e3o<\/h2>\n\n\n\n<p>O programa Estudante no Controle representa uma excelente oportunidade para os jovens de Mato Grosso do Sul se engajarem em quest\u00f5es sociais e p\u00fablicas relevantes, ao mesmo tempo em que desenvolvem habilidades pr\u00e1ticas de lideran\u00e7a e cidadania. Com a combina\u00e7\u00e3o de forma\u00e7\u00e3o te\u00f3rica e pr\u00e1tica, os alunos t\u00eam a chance de se tornar agentes de mudan\u00e7a em suas comunidades, refletindo sobre a import\u00e2ncia do controle social e da gest\u00e3o p\u00fablica.<\/p>\n","protected":false},"excerpt":{"rendered":"<p>As inscri\u00e7\u00f5es para a nova edi\u00e7\u00e3o do programa Estudante no Controle est\u00e3o abertas, oferecendo aos jovens a oportunidade de entender na pr\u00e1tica como funciona o controle social e a gest\u00e3o p\u00fablica. Com foco na participa\u00e7\u00e3o ativa, os estudantes poder\u00e3o desenvolver a\u00e7\u00f5es que visem a melhoria do ambiente escolar, al\u00e9m de fortalecer a cidadania entre seus [&hellip;]<\/p>\n","protected":false},"author":4,"featured_media":8707,"comment_status":"open","ping_status":"open","sticky":false,"template":"","format":"standard","meta":{"footnotes":""},"categories":[2],"tags":[202,425,263,453,235,2365,2525],"class_list":["post-8697","post","type-post","status-publish","format-standard","has-post-thumbnail","hentry","category-tvmatogrossodosul","tag-educacao","tag-cidadania","tag-estudantes","tag-gestao-publica","tag-mato-grosso-do-sul","tag-premios","tag-programa"],"_links":{"self":[{"href":"https:\/\/www.7tvs.com.br\/7tvs\/wp-json\/wp\/v2\/posts\/8697","targetHints":{"allow":["GET"]}}],"collection":[{"href":"https:\/\/www.7tvs.com.br\/7tvs\/wp-json\/wp\/v2\/posts"}],"about":[{"href":"https:\/\/www.7tvs.com.br\/7tvs\/wp-json\/wp\/v2\/types\/post"}],"author":[{"embeddable":true,"href":"https:\/\/www.7tvs.com.br\/7tvs\/wp-json\/wp\/v2\/users\/4"}],"replies":[{"embeddable":true,"href":"https:\/\/www.7tvs.com.br\/7tvs\/wp-json\/wp\/v2\/comments?post=8697"}],"version-history":[{"count":0,"href":"https:\/\/www.7tvs.com.br\/7tvs\/wp-json\/wp\/v2\/posts\/8697\/revisions"}],"wp:featuredmedia":[{"embeddable":true,"href":"https:\/\/www.7tvs.com.br\/7tvs\/wp-json\/wp\/v2\/media\/8707"}],"wp:attachment":[{"href":"https:\/\/www.7tvs.com.br\/7tvs\/wp-json\/wp\/v2\/media?parent=8697"}],"wp:term":[{"taxonomy":"category","embeddable":true,"href":"https:\/\/www.7tvs.com.br\/7tvs\/wp-json\/wp\/v2\/categories?post=8697"},{"taxonomy":"post_tag","embeddable":true,"href":"https:\/\/www.7tvs.com.br\/7tvs\/wp-json\/wp\/v2\/tags?post=8697"}],"curies":[{"name":"wp","href":"https:\/\/api.w.org\/{rel}","templated":true}]}}