{"id":8696,"date":"2026-03-12T00:16:40","date_gmt":"2026-03-12T03:16:40","guid":{"rendered":"https:\/\/www.7tvs.com.br\/7tvs\/2026\/03\/12\/metalurgico-confessa-assassinato\/"},"modified":"2026-03-12T00:16:40","modified_gmt":"2026-03-12T03:16:40","slug":"metalurgico-confessa-assassinato","status":"publish","type":"post","link":"https:\/\/www.7tvs.com.br\/7tvs\/2026\/03\/12\/metalurgico-confessa-assassinato\/","title":{"rendered":"Metal\u00fargico Confessa Assassinato de Entregador em Franca, SP"},"content":{"rendered":"\n<p>Um metal\u00fargico de 23 anos se apresentou \u00e0 Pol\u00edcia Civil de Franca, S\u00e3o Paulo, nesta quarta-feira, 11 de outubro, e confessou ter atirado e matado o entregador Diego Pereira de Almeida, de 20 anos. O crime ocorreu no in\u00edcio do m\u00eas, quando a v\u00edtima foi baleada na garagem de sua resid\u00eancia.<\/p>\n\n\n\n<h2 class=\"wp-block-heading\">Motiva\u00e7\u00e3o do Crime<\/h2>\n\n\n\n<p>O autor, identificado como Victor Faciroli J\u00falio, compareceu \u00e0 Delegacia de Investiga\u00e7\u00f5es Gerais (DIG) acompanhado por um advogado. Durante seu depoimento, ele revelou que o ato foi motivado pela descoberta de uma suposta trai\u00e7\u00e3o de sua companheira com a v\u00edtima. O delegado M\u00e1rcio Murari, respons\u00e1vel pelas investiga\u00e7\u00f5es, destacou que Victor admitiu que sua inten\u00e7\u00e3o era realmente matar Diego, e n\u00e3o apenas assust\u00e1-lo.<\/p>\n\n\n\n<h2 class=\"wp-block-heading\">O Crime e suas Circunst\u00e2ncias<\/h2>\n\n\n\n<p>Diego foi atacado enquanto sa\u00eda de casa para buscar sua m\u00e3e em uma avenida pr\u00f3xima. O crime ocorreu no dia 5 de mar\u00e7o, no bairro Palermo City, na zona Oeste de Franca. Testemunhas e c\u00e2meras de seguran\u00e7a da regi\u00e3o registraram a a\u00e7\u00e3o de um motociclista que parou em frente \u00e0 resid\u00eancia e disparou contra a v\u00edtima antes de fugir.<\/p>\n\n\n\n<h2 class=\"wp-block-heading\">Fuga e Consequ\u00eancias<\/h2>\n\n\n\n<p>Ap\u00f3s efetuar os disparos, Victor se escondeu em uma ch\u00e1cara nas proximidades. Ele tomou conhecimento da morte de Diego no dia seguinte, ap\u00f3s a v\u00edtima ter sido levada em estado grave para a Unidade de Pronto Atendimento (UPA) do Jardim Anita e, posteriormente, para a Santa Casa, onde n\u00e3o resistiu aos ferimentos.<\/p>\n\n\n\n<h2 class=\"wp-block-heading\">A Arma e o Planejamento do Crime<\/h2>\n\n\n\n<p>O delegado Murari revelou que o suspeito comprou uma pistola calibre .380 por R$ 10 mil de um traficante, embora n\u00e3o tenha fornecido detalhes sobre a identidade do vendedor. Victor utilizou uma motocicleta emprestada, da qual removeu a placa para evitar ser identificado, antes de se dirigir \u00e0 casa da v\u00edtima.<\/p>\n\n\n\n<h2 class=\"wp-block-heading\">Pr\u00f3ximos Passos na Investiga\u00e7\u00e3o<\/h2>\n\n\n\n<p>Embora Victor tenha sido liberado ap\u00f3s o depoimento, as autoridades n\u00e3o descartam a possibilidade de solicitar sua pris\u00e3o ao t\u00e9rmino do inqu\u00e9rito. O andamento das investiga\u00e7\u00f5es ainda depende de mais informa\u00e7\u00f5es sobre os eventos que levaram ao crime e se a a\u00e7\u00e3o foi premeditada.<\/p>\n\n\n\n<h2 class=\"wp-block-heading\">Conclus\u00e3o<\/h2>\n\n\n\n<p>Esse caso chocante destaca os perigos da viol\u00eancia motivada por ci\u00fames e trai\u00e7\u00e3o. A pol\u00edcia continua a investigar todos os aspectos do crime, enquanto a comunidade local lida com as repercuss\u00f5es da trag\u00e9dia. As autoridades reiteram a import\u00e2ncia de abordar conflitos interpessoais de maneira pac\u00edfica e a busca por solu\u00e7\u00f5es que evitem a escalada da viol\u00eancia.<\/p>\n","protected":false},"excerpt":{"rendered":"<p>Um metal\u00fargico de 23 anos se apresentou \u00e0 Pol\u00edcia Civil de Franca, S\u00e3o Paulo, nesta quarta-feira, 11 de outubro, e confessou ter atirado e matado o entregador Diego Pereira de Almeida, de 20 anos. O crime ocorreu no in\u00edcio do m\u00eas, quando a v\u00edtima foi baleada na garagem de sua resid\u00eancia. Motiva\u00e7\u00e3o do Crime O [&hellip;]<\/p>\n","protected":false},"author":4,"featured_media":0,"comment_status":"open","ping_status":"open","sticky":false,"template":"","format":"standard","meta":{"footnotes":""},"categories":[395],"tags":[332,1370,2601,2732,2475,759,754],"class_list":["post-8696","post","type-post","status-publish","format-standard","hentry","category-tvsaopaulo","tag-policia","tag-assassinato","tag-ciumes","tag-entregador","tag-franca","tag-investigacao","tag-tragedia"],"_links":{"self":[{"href":"https:\/\/www.7tvs.com.br\/7tvs\/wp-json\/wp\/v2\/posts\/8696","targetHints":{"allow":["GET"]}}],"collection":[{"href":"https:\/\/www.7tvs.com.br\/7tvs\/wp-json\/wp\/v2\/posts"}],"about":[{"href":"https:\/\/www.7tvs.com.br\/7tvs\/wp-json\/wp\/v2\/types\/post"}],"author":[{"embeddable":true,"href":"https:\/\/www.7tvs.com.br\/7tvs\/wp-json\/wp\/v2\/users\/4"}],"replies":[{"embeddable":true,"href":"https:\/\/www.7tvs.com.br\/7tvs\/wp-json\/wp\/v2\/comments?post=8696"}],"version-history":[{"count":0,"href":"https:\/\/www.7tvs.com.br\/7tvs\/wp-json\/wp\/v2\/posts\/8696\/revisions"}],"wp:attachment":[{"href":"https:\/\/www.7tvs.com.br\/7tvs\/wp-json\/wp\/v2\/media?parent=8696"}],"wp:term":[{"taxonomy":"category","embeddable":true,"href":"https:\/\/www.7tvs.com.br\/7tvs\/wp-json\/wp\/v2\/categories?post=8696"},{"taxonomy":"post_tag","embeddable":true,"href":"https:\/\/www.7tvs.com.br\/7tvs\/wp-json\/wp\/v2\/tags?post=8696"}],"curies":[{"name":"wp","href":"https:\/\/api.w.org\/{rel}","templated":true}]}}