{"id":8694,"date":"2026-03-12T00:16:20","date_gmt":"2026-03-12T03:16:20","guid":{"rendered":"https:\/\/www.7tvs.com.br\/7tvs\/2026\/03\/12\/condicoes-alarmantes-apartamento-corretora\/"},"modified":"2026-03-12T00:16:20","modified_gmt":"2026-03-12T03:16:20","slug":"condicoes-alarmantes-apartamento-corretora","status":"publish","type":"post","link":"https:\/\/www.7tvs.com.br\/7tvs\/2026\/03\/12\/condicoes-alarmantes-apartamento-corretora\/","title":{"rendered":"Condi\u00e7\u00f5es Alarmantes no Apartamento de Corretora Desaparecida em Florian\u00f3polis"},"content":{"rendered":"\n<p>Um v\u00eddeo recente revelou a situa\u00e7\u00e3o alarmante encontrada no apartamento da corretora de im\u00f3veis ga\u00facha Luciani Aparecida Estivalet Freitas, de 47 anos, que est\u00e1 desaparecida em Florian\u00f3polis. As imagens mostram um ambiente em desordem, com comida estragada na cozinha e pilhas de lou\u00e7a suja na pia, indicando que o local n\u00e3o \u00e9 habitado h\u00e1 v\u00e1rios dias. A Pol\u00edcia Civil est\u00e1 ativamente investigando o caso.<\/p>\n\n\n\n<h2 class=\"wp-block-heading\">Desaparecimento e Mensagens Suspeitas<\/h2>\n\n\n\n<p>O irm\u00e3o de Luciani, Matheus Estivalet Freitas, filmou o apartamento na \u00faltima segunda-feira (9), ap\u00f3s entrar no im\u00f3vel na companhia de policiais. Ele relatou que o \u00faltimo contato com a corretora ocorreu em 4 de mar\u00e7o. A situa\u00e7\u00e3o se tornou preocupante quando a fam\u00edlia recebeu mensagens estranhas de seu celular, repletas de erros gramaticais, o que despertou desconfian\u00e7a e levou ao registro do desaparecimento na pol\u00edcia.<\/p>\n\n\n\n<h2 class=\"wp-block-heading\">Contexto Profissional e Relacionamentos<\/h2>\n\n\n\n<p>Luciani \u00e9 conhecida por sua atua\u00e7\u00e3o como corretora e administradora de im\u00f3veis na regi\u00e3o da praia do Santinho, um popular destino tur\u00edstico no Norte da Ilha de Santa Catarina. Ap\u00f3s as mensagens recebidas, a propriet\u00e1ria de um dos im\u00f3veis sob sua gest\u00e3o tamb\u00e9m relatou ter recebido comunica\u00e7\u00f5es suspeitas que levantaram preocupa\u00e7\u00f5es adicionais. A administradora havia enfrentado um atraso no repasse de alugu\u00e9is, algo at\u00edpico em sua pr\u00e1tica profissional.<\/p>\n\n\n\n<h2 class=\"wp-block-heading\">Rea\u00e7\u00f5es da Fam\u00edlia e da Pol\u00edcia<\/h2>\n\n\n\n<p>A fam\u00edlia de Luciani expressou grande preocupa\u00e7\u00e3o, especialmente ap\u00f3s a propriet\u00e1ria do im\u00f3vel mencionar que havia tentado contato sem sucesso. O irm\u00e3o de Luciani destacou que nunca houve atrasos nos repasses ou demora nas respostas anteriores. A Pol\u00edcia Civil, por sua vez, n\u00e3o forneceu detalhes sobre a linha de investiga\u00e7\u00e3o ou se h\u00e1 suspeitos identificados at\u00e9 o momento.<\/p>\n\n\n\n<h2 class=\"wp-block-heading\">Implica\u00e7\u00f5es e A\u00e7\u00f5es Futuras<\/h2>\n\n\n\n<p>Com o desaparecimento de Luciani, a comunidade local e a fam\u00edlia aguardam ansiosamente por novas informa\u00e7\u00f5es que possam esclarecer a situa\u00e7\u00e3o. O caso atraiu a aten\u00e7\u00e3o da m\u00eddia e da popula\u00e7\u00e3o, que se mobiliza para ajudar nas buscas e, ao mesmo tempo, se questiona sobre a seguran\u00e7a na regi\u00e3o.<\/p>\n\n\n\n<h2 class=\"wp-block-heading\">Conclus\u00e3o<\/h2>\n\n\n\n<p>O desaparecimento de Luciani Aparecida Estivalet Freitas n\u00e3o apenas levanta quest\u00f5es sobre sua seguran\u00e7a pessoal, mas tamb\u00e9m destaca a import\u00e2ncia de se manter vigilante em rela\u00e7\u00e3o a sinais de perigo em relacionamentos e situa\u00e7\u00f5es cotidianas. \u00c0 medida que a investiga\u00e7\u00e3o avan\u00e7a, a esperan\u00e7a \u00e9 de que novas pistas possam levar a um desfecho positivo para essa situa\u00e7\u00e3o angustiante.<\/p>\n","protected":false},"excerpt":{"rendered":"<p>Um v\u00eddeo recente revelou a situa\u00e7\u00e3o alarmante encontrada no apartamento da corretora de im\u00f3veis ga\u00facha Luciani Aparecida Estivalet Freitas, de 47 anos, que est\u00e1 desaparecida em Florian\u00f3polis. As imagens mostram um ambiente em desordem, com comida estragada na cozinha e pilhas de lou\u00e7a suja na pia, indicando que o local n\u00e3o \u00e9 habitado h\u00e1 v\u00e1rios [&hellip;]<\/p>\n","protected":false},"author":4,"featured_media":8706,"comment_status":"open","ping_status":"open","sticky":false,"template":"","format":"standard","meta":{"footnotes":""},"categories":[9],"tags":[2731,1231,1435,759,637],"class_list":["post-8694","post","type-post","status-publish","format-standard","has-post-thumbnail","hentry","category-tvriograndedosul","tag-corretora","tag-desaparecimento","tag-florianopolis","tag-investigacao","tag-seguranca"],"_links":{"self":[{"href":"https:\/\/www.7tvs.com.br\/7tvs\/wp-json\/wp\/v2\/posts\/8694","targetHints":{"allow":["GET"]}}],"collection":[{"href":"https:\/\/www.7tvs.com.br\/7tvs\/wp-json\/wp\/v2\/posts"}],"about":[{"href":"https:\/\/www.7tvs.com.br\/7tvs\/wp-json\/wp\/v2\/types\/post"}],"author":[{"embeddable":true,"href":"https:\/\/www.7tvs.com.br\/7tvs\/wp-json\/wp\/v2\/users\/4"}],"replies":[{"embeddable":true,"href":"https:\/\/www.7tvs.com.br\/7tvs\/wp-json\/wp\/v2\/comments?post=8694"}],"version-history":[{"count":0,"href":"https:\/\/www.7tvs.com.br\/7tvs\/wp-json\/wp\/v2\/posts\/8694\/revisions"}],"wp:featuredmedia":[{"embeddable":true,"href":"https:\/\/www.7tvs.com.br\/7tvs\/wp-json\/wp\/v2\/media\/8706"}],"wp:attachment":[{"href":"https:\/\/www.7tvs.com.br\/7tvs\/wp-json\/wp\/v2\/media?parent=8694"}],"wp:term":[{"taxonomy":"category","embeddable":true,"href":"https:\/\/www.7tvs.com.br\/7tvs\/wp-json\/wp\/v2\/categories?post=8694"},{"taxonomy":"post_tag","embeddable":true,"href":"https:\/\/www.7tvs.com.br\/7tvs\/wp-json\/wp\/v2\/tags?post=8694"}],"curies":[{"name":"wp","href":"https:\/\/api.w.org\/{rel}","templated":true}]}}