{"id":8691,"date":"2026-03-12T00:15:26","date_gmt":"2026-03-12T03:15:26","guid":{"rendered":"https:\/\/www.7tvs.com.br\/7tvs\/2026\/03\/12\/japones-da-federal-cuiaba\/"},"modified":"2026-03-12T00:15:26","modified_gmt":"2026-03-12T03:15:26","slug":"japones-da-federal-cuiaba","status":"publish","type":"post","link":"https:\/\/www.7tvs.com.br\/7tvs\/2026\/03\/12\/japones-da-federal-cuiaba\/","title":{"rendered":"Controv\u00e9rsia em Cuiab\u00e1: &#8216;Japon\u00eas da Federal&#8217; Assume Cargo P\u00fablico Ap\u00f3s Condena\u00e7\u00e3o"},"content":{"rendered":"\n<p>A recente nomea\u00e7\u00e3o de Newton Hidenori Ishii, conhecido como &#039;Japon\u00eas da Federal&#039;, para o cargo de secret\u00e1rio-adjunto na prefeitura de Cuiab\u00e1, gerou um intenso debate sobre a elegibilidade de indiv\u00edduos com antecedentes criminais para ocupar posi\u00e7\u00f5es p\u00fablicas. O ato ocorreu na segunda-feira (2) e reacendeu a discuss\u00e3o sobre os limites da reabilita\u00e7\u00e3o e a moralidade na administra\u00e7\u00e3o p\u00fablica.<\/p>\n\n\n\n<h2 class=\"wp-block-heading\">A Trajet\u00f3ria de Ishii e Seus Antecedentes Criminais<\/h2>\n\n\n\n<p>Ishii ficou famoso por seu papel na Opera\u00e7\u00e3o Lava Jato, onde atuou na escolta de pol\u00edticos, empres\u00e1rios e outros envolvidos durante a execu\u00e7\u00e3o de ordens judiciais. Sua notoriedade, no entanto, foi manchada por uma condena\u00e7\u00e3o em 2016, quando foi preso por facilitar o contrabando na fronteira do Paran\u00e1. Desde ent\u00e3o, a sua trajet\u00f3ria se tornou um ponto de controv\u00e9rsia, especialmente em rela\u00e7\u00e3o \u00e0 sua capacidade de retornar a cargos p\u00fablicos.<\/p>\n\n\n\n<h2 class=\"wp-block-heading\">Aspectos Legais da Nomea\u00e7\u00e3o<\/h2>\n\n\n\n<p>Advogados consultados afirmam que Ishii est\u00e1 legalmente apto a assumir o cargo, uma vez que foram cumpridos os prazos de impedimento definidos pela legisla\u00e7\u00e3o. A lei municipal 5.718 de 2013 estabelece um intervalo de cinco anos, enquanto a Lei da Ficha Limpa determina um prazo de oito anos, ambos j\u00e1 expirados no caso dele. No entanto, a discuss\u00e3o transcende o aspecto jur\u00eddico, envolvendo quest\u00f5es morais e \u00e9ticas.<\/p>\n\n\n\n<h2 class=\"wp-block-heading\">Opini\u00f5es de Especialistas<\/h2>\n\n\n\n<p>Especialistas em direito, como a professora Jenifer Moraes do Mackenzie, argumentam que, apesar da legalidade da nomea\u00e7\u00e3o, a moralidade administrativa deve ser considerada. Segundo ela, os princ\u00edpios que regem a administra\u00e7\u00e3o p\u00fablica v\u00e3o al\u00e9m do cumprimento estrito da lei. O professor Felipe Fonte, da Funda\u00e7\u00e3o Getulio Vargas, complementa que a reabilita\u00e7\u00e3o de um ex-condenado pode ocorrer em diferentes prazos, dependendo do seu comportamento e do reparo aos danos causados, mas ressalta que a legisla\u00e7\u00e3o local pode ter um impacto significativo nessa situa\u00e7\u00e3o.<\/p>\n\n\n\n<h2 class=\"wp-block-heading\">O Papel de Ishii na Prefeitura<\/h2>\n\n\n\n<p>Durante a coletiva que anunciou sua nomea\u00e7\u00e3o, o prefeito de Cuiab\u00e1, Abilio Brunini, destacou que Ishii ter\u00e1 a miss\u00e3o de implementar pr\u00e1ticas de compliance nas secretarias da prefeitura, buscando garantir uma gest\u00e3o mais eficiente e transparente. Ishii expressou seu entusiasmo pela nova fun\u00e7\u00e3o e pelo clima de Cuiab\u00e1, onde pretende permanecer por um per\u00edodo inicial de seis meses. Suas responsabilidades diretas estar\u00e3o sob a supervis\u00e3o do secret\u00e1rio chefe Ananias Filho, que tamb\u00e9m \u00e9 presidente estadual do partido PL.<\/p>\n\n\n\n<h2 class=\"wp-block-heading\">Considera\u00e7\u00f5es Finais sobre a Nomea\u00e7\u00e3o<\/h2>\n\n\n\n<p>A nomea\u00e7\u00e3o de Newton Hidenori Ishii para um cargo na administra\u00e7\u00e3o p\u00fablica levanta quest\u00f5es relevantes sobre a reabilita\u00e7\u00e3o de ex-condenados e a responsabilidade \u00e9tica de l\u00edderes pol\u00edticos. Embora a legalidade de sua posi\u00e7\u00e3o esteja assegurada, a percep\u00e7\u00e3o p\u00fablica e a confian\u00e7a nas institui\u00e7\u00f5es continuam a ser influenciadas por seu passado. Assim, o caso de Ishii n\u00e3o apenas reflete a complexidade do sistema legal, mas tamb\u00e9m os desafios que a sociedade enfrenta ao considerar o perd\u00e3o e a reintegra\u00e7\u00e3o de indiv\u00edduos que cometeram crimes.<\/p>\n","protected":false},"excerpt":{"rendered":"<p>A recente nomea\u00e7\u00e3o de Newton Hidenori Ishii, conhecido como &#039;Japon\u00eas da Federal&#039;, para o cargo de secret\u00e1rio-adjunto na prefeitura de Cuiab\u00e1, gerou um intenso debate sobre a elegibilidade de indiv\u00edduos com antecedentes criminais para ocupar posi\u00e7\u00f5es p\u00fablicas. O ato ocorreu na segunda-feira (2) e reacendeu a discuss\u00e3o sobre os limites da reabilita\u00e7\u00e3o e a moralidade [&hellip;]<\/p>\n","protected":false},"author":4,"featured_media":8705,"comment_status":"open","ping_status":"open","sticky":false,"template":"","format":"standard","meta":{"footnotes":""},"categories":[360],"tags":[2631,2725,932,1240,2724,2345,2255],"class_list":["post-8691","post","type-post","status-publish","format-standard","has-post-thumbnail","hentry","category-tvmatogrosso","tag-administracao-publica","tag-controversia","tag-cuiaba","tag-etica","tag-ishii","tag-japones-da-federal","tag-nomeacao"],"_links":{"self":[{"href":"https:\/\/www.7tvs.com.br\/7tvs\/wp-json\/wp\/v2\/posts\/8691","targetHints":{"allow":["GET"]}}],"collection":[{"href":"https:\/\/www.7tvs.com.br\/7tvs\/wp-json\/wp\/v2\/posts"}],"about":[{"href":"https:\/\/www.7tvs.com.br\/7tvs\/wp-json\/wp\/v2\/types\/post"}],"author":[{"embeddable":true,"href":"https:\/\/www.7tvs.com.br\/7tvs\/wp-json\/wp\/v2\/users\/4"}],"replies":[{"embeddable":true,"href":"https:\/\/www.7tvs.com.br\/7tvs\/wp-json\/wp\/v2\/comments?post=8691"}],"version-history":[{"count":0,"href":"https:\/\/www.7tvs.com.br\/7tvs\/wp-json\/wp\/v2\/posts\/8691\/revisions"}],"wp:featuredmedia":[{"embeddable":true,"href":"https:\/\/www.7tvs.com.br\/7tvs\/wp-json\/wp\/v2\/media\/8705"}],"wp:attachment":[{"href":"https:\/\/www.7tvs.com.br\/7tvs\/wp-json\/wp\/v2\/media?parent=8691"}],"wp:term":[{"taxonomy":"category","embeddable":true,"href":"https:\/\/www.7tvs.com.br\/7tvs\/wp-json\/wp\/v2\/categories?post=8691"},{"taxonomy":"post_tag","embeddable":true,"href":"https:\/\/www.7tvs.com.br\/7tvs\/wp-json\/wp\/v2\/tags?post=8691"}],"curies":[{"name":"wp","href":"https:\/\/api.w.org\/{rel}","templated":true}]}}