{"id":8688,"date":"2026-03-12T00:12:13","date_gmt":"2026-03-12T03:12:13","guid":{"rendered":"https:\/\/www.7tvs.com.br\/7tvs\/2026\/03\/12\/liberdade-provisoria-delegada-marido\/"},"modified":"2026-03-12T00:12:13","modified_gmt":"2026-03-12T03:12:13","slug":"liberdade-provisoria-delegada-marido","status":"publish","type":"post","link":"https:\/\/www.7tvs.com.br\/7tvs\/2026\/03\/12\/liberdade-provisoria-delegada-marido\/","title":{"rendered":"Liberdade Provis\u00f3ria para Delegada e Marido Ap\u00f3s Pris\u00e3o por Uso Indevido de Ve\u00edculo Oficial em BH"},"content":{"rendered":"\n<p>Na \u00faltima quarta-feira, 11 de outubro, a Justi\u00e7a concedeu liberdade provis\u00f3ria ao advogado Renan Rachid Silva Vieira e \u00e0 delegada Wanessa Santana Martins Vieira, ambos detidos por peculato em Belo Horizonte. A decis\u00e3o foi tomada durante uma audi\u00eancia de cust\u00f3dia, onde a ju\u00edza Juliana Beretta Kirche Ferreira estipulou uma fian\u00e7a de R$ 5.673,50 para cada um dos investigados.<\/p>\n\n\n\n<h2 class=\"wp-block-heading\">Circunst\u00e2ncias da Pris\u00e3o<\/h2>\n\n\n\n<p>A pris\u00e3o ocorreu na ter\u00e7a-feira, 10 de outubro, ap\u00f3s investiga\u00e7\u00f5es da Corregedoria da Pol\u00edcia Civil de Minas Gerais. O advogado Renan Rachid, de 38 anos, foi flagrado dirigindo uma viatura policial que estava sob a responsabilidade da delegada. O uso indevido do ve\u00edculo oficial para fins pessoais levantou suspeitas e resultou na a\u00e7\u00e3o da pol\u00edcia.<\/p>\n\n\n\n<h2 class=\"wp-block-heading\">Detalhes do Caso<\/h2>\n\n\n\n<p>Conforme informa\u00e7\u00f5es da Corregedoria, Renan foi interceptado enquanto se dirigia ao trabalho em um carro da Pol\u00edcia Civil, que estava descaracterizado. A delegada Wanessa tamb\u00e9m foi ouvida durante o processo e teve sua pris\u00e3o em flagrante confirmada por peculato, um crime que envolve a apropria\u00e7\u00e3o indevida de bens p\u00fablicos.<\/p>\n\n\n\n<h2 class=\"wp-block-heading\">Investiga\u00e7\u00f5es Adicionais<\/h2>\n\n\n\n<p>Al\u00e9m do caso do uso indevido do ve\u00edculo, o advogado j\u00e1 enfrentava investiga\u00e7\u00f5es por outros delitos, como estelionato, agiotagem e amea\u00e7as. Tais informa\u00e7\u00f5es foram corroboradas por fontes da pol\u00edcia, indicando um hist\u00f3rico de comportamentos il\u00edcitos que podem agravar sua situa\u00e7\u00e3o legal.<\/p>\n\n\n\n<h2 class=\"wp-block-heading\">Repercuss\u00e3o e Consequ\u00eancias<\/h2>\n\n\n\n<p>O caso gerou grande repercuss\u00e3o na m\u00eddia e entre a popula\u00e7\u00e3o, evidenciando problemas de integridade e \u00e9tica no uso de bens p\u00fablicos. A Justi\u00e7a, ao conceder a liberdade provis\u00f3ria, deixou claro que a investiga\u00e7\u00e3o continua e que os envolvidos ainda enfrentar\u00e3o as consequ\u00eancias legais de suas a\u00e7\u00f5es.<\/p>\n\n\n\n<h2 class=\"wp-block-heading\">Conclus\u00e3o<\/h2>\n\n\n\n<p>A libera\u00e7\u00e3o da delegada e do advogado sob fian\u00e7a marca apenas o in\u00edcio de um processo judicial que promete desdobramentos significativos. A continuidade das investiga\u00e7\u00f5es dever\u00e1 trazer \u00e0 tona mais detalhes sobre as pr\u00e1ticas ilegais e, possivelmente, implica\u00e7\u00f5es mais amplas dentro da Pol\u00edcia Civil de Minas Gerais.<\/p>\n","protected":false},"excerpt":{"rendered":"<p>Na \u00faltima quarta-feira, 11 de outubro, a Justi\u00e7a concedeu liberdade provis\u00f3ria ao advogado Renan Rachid Silva Vieira e \u00e0 delegada Wanessa Santana Martins Vieira, ambos detidos por peculato em Belo Horizonte. A decis\u00e3o foi tomada durante uma audi\u00eancia de cust\u00f3dia, onde a ju\u00edza Juliana Beretta Kirche Ferreira estipulou uma fian\u00e7a de R$ 5.673,50 para cada [&hellip;]<\/p>\n","protected":false},"author":4,"featured_media":8690,"comment_status":"open","ping_status":"open","sticky":false,"template":"","format":"standard","meta":{"footnotes":""},"categories":[8],"tags":[2721,537,2657,2720,2723,2722],"class_list":["post-8688","post","type-post","status-publish","format-standard","has-post-thumbnail","hentry","category-tvminasgerais","tag-advogado","tag-belo-horizonte","tag-delegada","tag-liberdade-provisoria","tag-peculato","tag-veiculo-oficial"],"_links":{"self":[{"href":"https:\/\/www.7tvs.com.br\/7tvs\/wp-json\/wp\/v2\/posts\/8688","targetHints":{"allow":["GET"]}}],"collection":[{"href":"https:\/\/www.7tvs.com.br\/7tvs\/wp-json\/wp\/v2\/posts"}],"about":[{"href":"https:\/\/www.7tvs.com.br\/7tvs\/wp-json\/wp\/v2\/types\/post"}],"author":[{"embeddable":true,"href":"https:\/\/www.7tvs.com.br\/7tvs\/wp-json\/wp\/v2\/users\/4"}],"replies":[{"embeddable":true,"href":"https:\/\/www.7tvs.com.br\/7tvs\/wp-json\/wp\/v2\/comments?post=8688"}],"version-history":[{"count":0,"href":"https:\/\/www.7tvs.com.br\/7tvs\/wp-json\/wp\/v2\/posts\/8688\/revisions"}],"wp:featuredmedia":[{"embeddable":true,"href":"https:\/\/www.7tvs.com.br\/7tvs\/wp-json\/wp\/v2\/media\/8690"}],"wp:attachment":[{"href":"https:\/\/www.7tvs.com.br\/7tvs\/wp-json\/wp\/v2\/media?parent=8688"}],"wp:term":[{"taxonomy":"category","embeddable":true,"href":"https:\/\/www.7tvs.com.br\/7tvs\/wp-json\/wp\/v2\/categories?post=8688"},{"taxonomy":"post_tag","embeddable":true,"href":"https:\/\/www.7tvs.com.br\/7tvs\/wp-json\/wp\/v2\/tags?post=8688"}],"curies":[{"name":"wp","href":"https:\/\/api.w.org\/{rel}","templated":true}]}}