{"id":8687,"date":"2026-03-12T00:11:57","date_gmt":"2026-03-12T03:11:57","guid":{"rendered":"https:\/\/www.7tvs.com.br\/7tvs\/2026\/03\/12\/afastamento-secretario-seguranca-maranhao\/"},"modified":"2026-03-12T00:11:57","modified_gmt":"2026-03-12T03:11:57","slug":"afastamento-secretario-seguranca-maranhao","status":"publish","type":"post","link":"https:\/\/www.7tvs.com.br\/7tvs\/2026\/03\/12\/afastamento-secretario-seguranca-maranhao\/","title":{"rendered":"Afastamento do Secret\u00e1rio de Seguran\u00e7a P\u00fablica do Maranh\u00e3o Ap\u00f3s Den\u00fancia de Constrangimento"},"content":{"rendered":"\n<p>O governador Carlos Brand\u00e3o anunciou, em coletiva de imprensa realizada nesta quarta-feira (11), o afastamento do secret\u00e1rio de Seguran\u00e7a P\u00fablica, Maur\u00edcio Martins. A decis\u00e3o foi tomada ap\u00f3s uma den\u00fancia feita pela delegada Viviane Fontenelle, que registrou um boletim de ocorr\u00eancia alegando ter sido alvo de constrangimentos durante reuni\u00f5es oficiais.<\/p>\n\n\n\n<h2 class=\"wp-block-heading\">Motivos do Afastamento<\/h2>\n\n\n\n<p>A den\u00fancia apresentada pela delegada refere-se a coment\u00e1rios inapropriados feitos por Martins sobre sua apar\u00eancia, al\u00e9m de um pedido para que ela enviasse uma fotografia para seu gabinete. O governador ressaltou que o afastamento visa garantir uma investiga\u00e7\u00e3o imparcial sobre o caso, afirmando que o respeito \u00e0s mulheres deve ser um valor fundamental em todos os contextos.<\/p>\n\n\n\n<h2 class=\"wp-block-heading\">Resposta do Secret\u00e1rio<\/h2>\n\n\n\n<p>Maur\u00edcio Ribeiro Martins se manifestou por meio de uma nota, na qual negou as acusa\u00e7\u00f5es e afirmou que os relatos n\u00e3o refletem a realidade. Ele defendeu sua conduta, enfatizando que n\u00e3o houve qualquer desrespeito nas intera\u00e7\u00f5es com a delegada e que suas observa\u00e7\u00f5es foram feitas de maneira cordial, visando reconhecer o trabalho dela.<\/p>\n\n\n\n<h2 class=\"wp-block-heading\">O Novo Comando da Seguran\u00e7a P\u00fablica<\/h2>\n\n\n\n<p>Com o afastamento de Martins, o delegado-geral da Pol\u00edcia Civil, Manoel Almeida Neto, assumiu interinamente a Secretaria de Seguran\u00e7a P\u00fablica do Maranh\u00e3o. Almeida, que j\u00e1 tem uma carreira consolidada na pol\u00edcia, ingressou na corpora\u00e7\u00e3o em 1998 e j\u00e1 ocupou cargos importantes, como o de diretor da Academia de Pol\u00edcia Civil e titular da Superintend\u00eancia Estadual de Preven\u00e7\u00e3o e Combate \u00e0 Corrup\u00e7\u00e3o.<\/p>\n\n\n\n<h2 class=\"wp-block-heading\">Trajet\u00f3ria de Manoel Almeida<\/h2>\n\n\n\n<p>Nascido h\u00e1 55 anos, Manoel Almeida Neto j\u00e1 desempenhou fun\u00e7\u00f5es em v\u00e1rias regi\u00f5es do Maranh\u00e3o, tanto na capital quanto no interior. Esta n\u00e3o \u00e9 a primeira vez que ele assume a Delegacia Geral; sua primeira passagem pelo cargo foi em 2006, quando tamb\u00e9m foi secret\u00e1rio interino da Seguran\u00e7a P\u00fablica. Almeida retorna agora ao comando em um momento delicado para a seguran\u00e7a do estado.<\/p>\n\n\n\n<h2 class=\"wp-block-heading\">Impactos e Expectativas<\/h2>\n\n\n\n<p>O afastamento de Maur\u00edcio Martins e a transi\u00e7\u00e3o de comando na Secretaria de Seguran\u00e7a P\u00fablica podem gerar repercuss\u00f5es significativas para a pol\u00edtica de seguran\u00e7a no Maranh\u00e3o. A expectativa \u00e9 que a nova gest\u00e3o liderada por Manoel Almeida traga um novo enfoque e abordagem para a seguran\u00e7a p\u00fablica, especialmente no que diz respeito ao tratamento e respeito \u00e0s mulheres dentro das institui\u00e7\u00f5es.<\/p>\n\n\n\n<h2 class=\"wp-block-heading\">Conclus\u00e3o<\/h2>\n\n\n\n<p>O caso envolvendo o secret\u00e1rio Maur\u00edcio Martins destaca a import\u00e2ncia de um ambiente respeitoso e \u00e9tico nas institui\u00e7\u00f5es de seguran\u00e7a p\u00fablica. A apura\u00e7\u00e3o das den\u00fancias deve ser feita com rigor, e a condu\u00e7\u00e3o tempor\u00e1ria por Manoel Almeida poder\u00e1 ser uma oportunidade para implementar mudan\u00e7as que fortale\u00e7am a integridade e a confian\u00e7a na gest\u00e3o da seguran\u00e7a no Maranh\u00e3o.<\/p>\n","protected":false},"excerpt":{"rendered":"<p>O governador Carlos Brand\u00e3o anunciou, em coletiva de imprensa realizada nesta quarta-feira (11), o afastamento do secret\u00e1rio de Seguran\u00e7a P\u00fablica, Maur\u00edcio Martins. A decis\u00e3o foi tomada ap\u00f3s uma den\u00fancia feita pela delegada Viviane Fontenelle, que registrou um boletim de ocorr\u00eancia alegando ter sido alvo de constrangimentos durante reuni\u00f5es oficiais. Motivos do Afastamento A den\u00fancia apresentada [&hellip;]<\/p>\n","protected":false},"author":4,"featured_media":8689,"comment_status":"open","ping_status":"open","sticky":false,"template":"","format":"standard","meta":{"footnotes":""},"categories":[358],"tags":[332,2658,1113,492,637],"class_list":["post-8687","post","type-post","status-publish","format-standard","has-post-thumbnail","hentry","category-tvmaranhao","tag-policia","tag-constrangimento","tag-governo","tag-maranhao","tag-seguranca"],"_links":{"self":[{"href":"https:\/\/www.7tvs.com.br\/7tvs\/wp-json\/wp\/v2\/posts\/8687","targetHints":{"allow":["GET"]}}],"collection":[{"href":"https:\/\/www.7tvs.com.br\/7tvs\/wp-json\/wp\/v2\/posts"}],"about":[{"href":"https:\/\/www.7tvs.com.br\/7tvs\/wp-json\/wp\/v2\/types\/post"}],"author":[{"embeddable":true,"href":"https:\/\/www.7tvs.com.br\/7tvs\/wp-json\/wp\/v2\/users\/4"}],"replies":[{"embeddable":true,"href":"https:\/\/www.7tvs.com.br\/7tvs\/wp-json\/wp\/v2\/comments?post=8687"}],"version-history":[{"count":0,"href":"https:\/\/www.7tvs.com.br\/7tvs\/wp-json\/wp\/v2\/posts\/8687\/revisions"}],"wp:featuredmedia":[{"embeddable":true,"href":"https:\/\/www.7tvs.com.br\/7tvs\/wp-json\/wp\/v2\/media\/8689"}],"wp:attachment":[{"href":"https:\/\/www.7tvs.com.br\/7tvs\/wp-json\/wp\/v2\/media?parent=8687"}],"wp:term":[{"taxonomy":"category","embeddable":true,"href":"https:\/\/www.7tvs.com.br\/7tvs\/wp-json\/wp\/v2\/categories?post=8687"},{"taxonomy":"post_tag","embeddable":true,"href":"https:\/\/www.7tvs.com.br\/7tvs\/wp-json\/wp\/v2\/tags?post=8687"}],"curies":[{"name":"wp","href":"https:\/\/api.w.org\/{rel}","templated":true}]}}