{"id":8674,"date":"2026-03-12T00:07:45","date_gmt":"2026-03-12T03:07:45","guid":{"rendered":"https:\/\/www.7tvs.com.br\/7tvs\/2026\/03\/12\/iniciativas-igreja-transformando-vidas\/"},"modified":"2026-03-12T00:07:45","modified_gmt":"2026-03-12T03:07:45","slug":"iniciativas-igreja-transformando-vidas","status":"publish","type":"post","link":"https:\/\/www.7tvs.com.br\/7tvs\/2026\/03\/12\/iniciativas-igreja-transformando-vidas\/","title":{"rendered":"Iniciativas da Igreja: Transformando Vidas e Promovendo Esperan\u00e7a no Brasil"},"content":{"rendered":"\n<p>Atualmente, a viol\u00eancia e a criminalidade s\u00e3o preocupa\u00e7\u00f5es que afligem grande parte da popula\u00e7\u00e3o brasileira. Uma pesquisa do Instituto Ipsos revelou que 45% dos cidad\u00e3os consideram esses problemas como suas principais inquieta\u00e7\u00f5es no dia a dia. Diante desse cen\u00e1rio alarmante, diversas obras sociais promovidas pela Igreja t\u00eam se destacado, oferecendo n\u00e3o apenas apoio, mas tamb\u00e9m a esperan\u00e7a de uma transforma\u00e7\u00e3o significativa nas vidas das pessoas.<\/p>\n\n\n\n<h2 class=\"wp-block-heading\">A\u00e7\u00f5es Transformadoras da Igreja<\/h2>\n\n\n\n<p>As iniciativas sociais da Igreja v\u00e3o al\u00e9m da assist\u00eancia imediata, buscando uma reabilita\u00e7\u00e3o completa da dignidade humana. Com programas voltados para a educa\u00e7\u00e3o, a sa\u00fade e a reintegra\u00e7\u00e3o social, essas obras t\u00eam se tornado um importante suporte para comunidades vulner\u00e1veis. Em v\u00e1rias localidades, a Igreja atua como um farol de esperan\u00e7a, oferecendo recursos e oportunidades para aqueles que se encontram em situa\u00e7\u00e3o de risco.<\/p>\n\n\n\n<h2 class=\"wp-block-heading\">Reintegra\u00e7\u00e3o e Dignidade<\/h2>\n\n\n\n<p>Um dos focos principais das a\u00e7\u00f5es da Igreja \u00e9 a reintegra\u00e7\u00e3o de indiv\u00edduos que, devido a diversos fatores, se encontram marginalizados. Programas de capacita\u00e7\u00e3o profissional e cursos de alfabetiza\u00e7\u00e3o s\u00e3o oferecidos, permitindo que esses cidad\u00e3os adquiram novas habilidades e voltem a fazer parte da sociedade de forma ativa. Essa abordagem n\u00e3o apenas ajuda na redu\u00e7\u00e3o da criminalidade, mas tamb\u00e9m contribui para a constru\u00e7\u00e3o de um futuro mais esperan\u00e7oso.<\/p>\n\n\n\n<h2 class=\"wp-block-heading\">Impacto nas Comunidades<\/h2>\n\n\n\n<p>As obras sociais da Igreja t\u00eam gerado um impacto positivo significativo nas comunidades onde est\u00e3o inseridas. Ao promover a inclus\u00e3o social e oferecer suporte emocional e espiritual, essas iniciativas t\u00eam contribu\u00eddo para a redu\u00e7\u00e3o da viol\u00eancia e do desespero. Muitas pessoas que passaram por programas da Igreja relatam uma transforma\u00e7\u00e3o n\u00e3o apenas em suas condi\u00e7\u00f5es de vida, mas tamb\u00e9m em sua perspectiva sobre o futuro.<\/p>\n\n\n\n<h2 class=\"wp-block-heading\">Conclus\u00e3o: Uma Luz de Esperan\u00e7a<\/h2>\n\n\n\n<p>A atua\u00e7\u00e3o da Igreja por meio de suas obras sociais representa mais do que um simples aux\u00edlio; \u00e9 uma verdadeira luta pela dignidade humana em meio a um contexto de desafios. Enquanto a viol\u00eancia continua sendo uma preocupa\u00e7\u00e3o constante, iniciativas voltadas para a transforma\u00e7\u00e3o social oferecem uma luz de esperan\u00e7a, mostrando que, com apoio e solidariedade, \u00e9 poss\u00edvel mudar vidas e construir um futuro melhor para todos.<\/p>\n","protected":false},"excerpt":{"rendered":"<p>Atualmente, a viol\u00eancia e a criminalidade s\u00e3o preocupa\u00e7\u00f5es que afligem grande parte da popula\u00e7\u00e3o brasileira. Uma pesquisa do Instituto Ipsos revelou que 45% dos cidad\u00e3os consideram esses problemas como suas principais inquieta\u00e7\u00f5es no dia a dia. Diante desse cen\u00e1rio alarmante, diversas obras sociais promovidas pela Igreja t\u00eam se destacado, oferecendo n\u00e3o apenas apoio, mas tamb\u00e9m [&hellip;]<\/p>\n","protected":false},"author":4,"featured_media":8685,"comment_status":"open","ping_status":"open","sticky":false,"template":"","format":"standard","meta":{"footnotes":""},"categories":[393],"tags":[2714,2713,951,1719,2712],"class_list":["post-8674","post","type-post","status-publish","format-standard","has-post-thumbnail","hentry","category-religiao","tag-acoes-sociais","tag-comunidades","tag-esperanca","tag-igreja","tag-transformacao"],"_links":{"self":[{"href":"https:\/\/www.7tvs.com.br\/7tvs\/wp-json\/wp\/v2\/posts\/8674","targetHints":{"allow":["GET"]}}],"collection":[{"href":"https:\/\/www.7tvs.com.br\/7tvs\/wp-json\/wp\/v2\/posts"}],"about":[{"href":"https:\/\/www.7tvs.com.br\/7tvs\/wp-json\/wp\/v2\/types\/post"}],"author":[{"embeddable":true,"href":"https:\/\/www.7tvs.com.br\/7tvs\/wp-json\/wp\/v2\/users\/4"}],"replies":[{"embeddable":true,"href":"https:\/\/www.7tvs.com.br\/7tvs\/wp-json\/wp\/v2\/comments?post=8674"}],"version-history":[{"count":0,"href":"https:\/\/www.7tvs.com.br\/7tvs\/wp-json\/wp\/v2\/posts\/8674\/revisions"}],"wp:featuredmedia":[{"embeddable":true,"href":"https:\/\/www.7tvs.com.br\/7tvs\/wp-json\/wp\/v2\/media\/8685"}],"wp:attachment":[{"href":"https:\/\/www.7tvs.com.br\/7tvs\/wp-json\/wp\/v2\/media?parent=8674"}],"wp:term":[{"taxonomy":"category","embeddable":true,"href":"https:\/\/www.7tvs.com.br\/7tvs\/wp-json\/wp\/v2\/categories?post=8674"},{"taxonomy":"post_tag","embeddable":true,"href":"https:\/\/www.7tvs.com.br\/7tvs\/wp-json\/wp\/v2\/tags?post=8674"}],"curies":[{"name":"wp","href":"https:\/\/api.w.org\/{rel}","templated":true}]}}