{"id":8673,"date":"2026-03-12T00:07:40","date_gmt":"2026-03-12T03:07:40","guid":{"rendered":"https:\/\/www.7tvs.com.br\/7tvs\/2026\/03\/12\/politica-linguagem-simples-ms-2\/"},"modified":"2026-03-12T00:07:40","modified_gmt":"2026-03-12T03:07:40","slug":"politica-linguagem-simples-ms-2","status":"publish","type":"post","link":"https:\/\/www.7tvs.com.br\/7tvs\/2026\/03\/12\/politica-linguagem-simples-ms-2\/","title":{"rendered":"Governo de MS Lan\u00e7a Pol\u00edtica de Linguagem Simples para Promover Inclus\u00e3o e Transpar\u00eancia"},"content":{"rendered":"\n<p>Em um movimento que visa fortalecer a comunica\u00e7\u00e3o entre o governo e a popula\u00e7\u00e3o, o governador Eduardo Riedel anunciou a cria\u00e7\u00e3o da &#039;Pol\u00edtica de Linguagem Simples em MS&#039;. Este decreto reflete um compromisso com a transpar\u00eancia, agilidade e inclus\u00e3o, buscando garantir que todos os cidad\u00e3os tenham acesso f\u00e1cil e compreens\u00edvel \u00e0s informa\u00e7\u00f5es p\u00fablicas.<\/p>\n\n\n\n<h2 class=\"wp-block-heading\">Objetivos da Nova Pol\u00edtica<\/h2>\n\n\n\n<p>A principal meta da pol\u00edtica \u00e9 simplificar a linguagem utilizada em documentos e comunica\u00e7\u00f5es oficiais, tornando-os mais acess\u00edveis a todos. O governo reconhece que uma comunica\u00e7\u00e3o clara \u00e9 essencial para que os cidad\u00e3os compreendam seus direitos e deveres, al\u00e9m de facilitar o acesso a servi\u00e7os p\u00fablicos.<\/p>\n\n\n\n<h2 class=\"wp-block-heading\">Benef\u00edcios da Linguagem Simples<\/h2>\n\n\n\n<p>A ado\u00e7\u00e3o da linguagem simples traz diversas vantagens. Al\u00e9m de promover a inclus\u00e3o social, ela contribui para a redu\u00e7\u00e3o de mal-entendidos e melhora a efici\u00eancia na presta\u00e7\u00e3o de servi\u00e7os. Cidad\u00e3os bem informados s\u00e3o mais propensos a participar ativamente da vida p\u00fablica e a exercer seus direitos de forma eficaz.<\/p>\n\n\n\n<h2 class=\"wp-block-heading\">Implementa\u00e7\u00e3o e Diretrizes<\/h2>\n\n\n\n<p>Para a implementa\u00e7\u00e3o dessa pol\u00edtica, o governo estabelecer\u00e1 diretrizes que orientar\u00e3o todas as secretarias e \u00f3rg\u00e3os estaduais. Essas diretrizes incluir\u00e3o a realiza\u00e7\u00e3o de treinamentos para servidores p\u00fablicos sobre como redigir e se comunicar de forma mais clara e direta, al\u00e9m de criar materiais de apoio que exemplifiquem as melhores pr\u00e1ticas.<\/p>\n\n\n\n<h2 class=\"wp-block-heading\">Impacto Esperado na Sociedade<\/h2>\n\n\n\n<p>Com a Pol\u00edtica de Linguagem Simples, espera-se uma maior intera\u00e7\u00e3o entre os cidad\u00e3os e o governo. A facilidade de entendimento das informa\u00e7\u00f5es pode levar a uma maior participa\u00e7\u00e3o da popula\u00e7\u00e3o em processos decis\u00f3rios e na fiscaliza\u00e7\u00e3o das a\u00e7\u00f5es governamentais, promovendo uma democracia mais robusta e inclusiva.<\/p>\n\n\n\n<h2 class=\"wp-block-heading\">Conclus\u00e3o<\/h2>\n\n\n\n<p>A assinatura do decreto pelo governador Eduardo Riedel marca um passo significativo em dire\u00e7\u00e3o a um governo mais transparente e acess\u00edvel. Ao priorizar a linguagem simples, o estado de Mato Grosso do Sul reafirma seu compromisso com a inclus\u00e3o e a cidadania, garantindo que todos possam compreender e interagir com as informa\u00e7\u00f5es que impactam suas vidas.<\/p>\n","protected":false},"excerpt":{"rendered":"<p>Em um movimento que visa fortalecer a comunica\u00e7\u00e3o entre o governo e a popula\u00e7\u00e3o, o governador Eduardo Riedel anunciou a cria\u00e7\u00e3o da &#039;Pol\u00edtica de Linguagem Simples em MS&#039;. Este decreto reflete um compromisso com a transpar\u00eancia, agilidade e inclus\u00e3o, buscando garantir que todos os cidad\u00e3os tenham acesso f\u00e1cil e compreens\u00edvel \u00e0s informa\u00e7\u00f5es p\u00fablicas. Objetivos da [&hellip;]<\/p>\n","protected":false},"author":4,"featured_media":0,"comment_status":"open","ping_status":"open","sticky":false,"template":"","format":"standard","meta":{"footnotes":""},"categories":[2],"tags":[1019,1113,258,2710,421],"class_list":["post-8673","post","type-post","status-publish","format-standard","hentry","category-tvmatogrossodosul","tag-comunicacao","tag-governo","tag-inclusao","tag-linguagem-simples","tag-transparencia"],"_links":{"self":[{"href":"https:\/\/www.7tvs.com.br\/7tvs\/wp-json\/wp\/v2\/posts\/8673","targetHints":{"allow":["GET"]}}],"collection":[{"href":"https:\/\/www.7tvs.com.br\/7tvs\/wp-json\/wp\/v2\/posts"}],"about":[{"href":"https:\/\/www.7tvs.com.br\/7tvs\/wp-json\/wp\/v2\/types\/post"}],"author":[{"embeddable":true,"href":"https:\/\/www.7tvs.com.br\/7tvs\/wp-json\/wp\/v2\/users\/4"}],"replies":[{"embeddable":true,"href":"https:\/\/www.7tvs.com.br\/7tvs\/wp-json\/wp\/v2\/comments?post=8673"}],"version-history":[{"count":0,"href":"https:\/\/www.7tvs.com.br\/7tvs\/wp-json\/wp\/v2\/posts\/8673\/revisions"}],"wp:attachment":[{"href":"https:\/\/www.7tvs.com.br\/7tvs\/wp-json\/wp\/v2\/media?parent=8673"}],"wp:term":[{"taxonomy":"category","embeddable":true,"href":"https:\/\/www.7tvs.com.br\/7tvs\/wp-json\/wp\/v2\/categories?post=8673"},{"taxonomy":"post_tag","embeddable":true,"href":"https:\/\/www.7tvs.com.br\/7tvs\/wp-json\/wp\/v2\/tags?post=8673"}],"curies":[{"name":"wp","href":"https:\/\/api.w.org\/{rel}","templated":true}]}}