{"id":8671,"date":"2026-03-12T00:07:29","date_gmt":"2026-03-12T03:07:29","guid":{"rendered":"https:\/\/www.7tvs.com.br\/7tvs\/2026\/03\/12\/atletico-mg-vitoria-internacional\/"},"modified":"2026-03-12T00:07:29","modified_gmt":"2026-03-12T03:07:29","slug":"atletico-mg-vitoria-internacional","status":"publish","type":"post","link":"https:\/\/www.7tvs.com.br\/7tvs\/2026\/03\/12\/atletico-mg-vitoria-internacional\/","title":{"rendered":"Atl\u00e9tico-MG supera Internacional e conquista vit\u00f3ria no Brasileir\u00e3o"},"content":{"rendered":"\n<p>Na noite de ontem, o Est\u00e1dio Mineir\u00e3o foi palco de um emocionante confronto entre Atl\u00e9tico-MG e Internacional, dois times que buscam se firmar na parte superior da tabela do Campeonato Brasileiro. Com um desempenho not\u00e1vel do goleiro Everson, o Atl\u00e9tico-MG n\u00e3o apenas garantiu a vit\u00f3ria, mas tamb\u00e9m deu um importante passo na busca por melhores posi\u00e7\u00f5es no torneio.<\/p>\n\n\n\n<h2 class=\"wp-block-heading\">In\u00edcio intenso e repleto de emo\u00e7\u00f5es<\/h2>\n\n\n\n<p>Desde o apito inicial, o jogo se mostrou intenso, com ambas as equipes demonstrando determina\u00e7\u00e3o e vontade de vencer. O Atl\u00e9tico-MG, jogando em casa, rapidamente se imp\u00f4s, enquanto o Internacional buscava explorar os contra-ataques. A atmosfera el\u00e9trica no Mineir\u00e3o refletia a expectativa dos torcedores, que vibravam a cada jogada.<\/p>\n\n\n\n<h2 class=\"wp-block-heading\">A atua\u00e7\u00e3o decisiva de Everson<\/h2>\n\n\n\n<p>Everson, goleiro do Atl\u00e9tico-MG, foi o grande destaque da partida. Com defesas espetaculares, ele garantiu a seguran\u00e7a da equipe e neutralizou as investidas do ataque do Internacional. Sua performance foi fundamental para manter a vantagem e contribuir para a confian\u00e7a de seus companheiros em campo.<\/p>\n\n\n\n<h2 class=\"wp-block-heading\">Desempenho coletivo e a busca pela vit\u00f3ria<\/h2>\n\n\n\n<p>Al\u00e9m de Everson, o time mineiro apresentou um desempenho coletivo impressionante, com passes precisos e uma defesa s\u00f3lida. O Atl\u00e9tico-MG mostrou efici\u00eancia nas jogadas, o que resultou em oportunidades claras de gol. A equipe, agora, come\u00e7a a acreditar que pode se recuperar na competi\u00e7\u00e3o ap\u00f3s uma sequ\u00eancia de resultados insatisfat\u00f3rios.<\/p>\n\n\n\n<h2 class=\"wp-block-heading\">Implica\u00e7\u00f5es para o Campeonato<\/h2>\n\n\n\n<p>Com essa vit\u00f3ria, o Atl\u00e9tico-MG d\u00e1 um respiro em sua campanha no Brasileir\u00e3o, enquanto o Internacional enfrenta a press\u00e3o de resultados que n\u00e3o atendem \u00e0s expectativas. Essa partida pode ser um divisor de \u00e1guas para o time mineiro, que espera manter a boa fase e escalar posi\u00e7\u00f5es na tabela.<\/p>\n\n\n\n<h2 class=\"wp-block-heading\">Conclus\u00e3o: Um novo cap\u00edtulo para o Atl\u00e9tico-MG<\/h2>\n\n\n\n<p>A vit\u00f3ria sobre o Internacional n\u00e3o apenas trouxe al\u00edvio ao Atl\u00e9tico-MG, mas tamb\u00e9m renovou as esperan\u00e7as de seus torcedores. Com a defesa s\u00f3lida e o destaque de Everson, o time se prepara para os pr\u00f3ximos desafios, acreditando que este pode ser o in\u00edcio de uma reviravolta na temporada. A jornada no Campeonato Brasileiro continua, e a expectativa \u00e9 de que a equipe mantenha o ritmo e busque novas vit\u00f3rias.<\/p>\n","protected":false},"excerpt":{"rendered":"<p>Na noite de ontem, o Est\u00e1dio Mineir\u00e3o foi palco de um emocionante confronto entre Atl\u00e9tico-MG e Internacional, dois times que buscam se firmar na parte superior da tabela do Campeonato Brasileiro. Com um desempenho not\u00e1vel do goleiro Everson, o Atl\u00e9tico-MG n\u00e3o apenas garantiu a vit\u00f3ria, mas tamb\u00e9m deu um importante passo na busca por melhores [&hellip;]<\/p>\n","protected":false},"author":4,"featured_media":0,"comment_status":"open","ping_status":"open","sticky":false,"template":"","format":"standard","meta":{"footnotes":""},"categories":[360],"tags":[2708,170,169,1609,489],"class_list":["post-8671","post","type-post","status-publish","format-standard","hentry","category-tvmatogrosso","tag-atletico-mg","tag-brasileirao","tag-futebol","tag-internacional","tag-vitoria"],"_links":{"self":[{"href":"https:\/\/www.7tvs.com.br\/7tvs\/wp-json\/wp\/v2\/posts\/8671","targetHints":{"allow":["GET"]}}],"collection":[{"href":"https:\/\/www.7tvs.com.br\/7tvs\/wp-json\/wp\/v2\/posts"}],"about":[{"href":"https:\/\/www.7tvs.com.br\/7tvs\/wp-json\/wp\/v2\/types\/post"}],"author":[{"embeddable":true,"href":"https:\/\/www.7tvs.com.br\/7tvs\/wp-json\/wp\/v2\/users\/4"}],"replies":[{"embeddable":true,"href":"https:\/\/www.7tvs.com.br\/7tvs\/wp-json\/wp\/v2\/comments?post=8671"}],"version-history":[{"count":0,"href":"https:\/\/www.7tvs.com.br\/7tvs\/wp-json\/wp\/v2\/posts\/8671\/revisions"}],"wp:attachment":[{"href":"https:\/\/www.7tvs.com.br\/7tvs\/wp-json\/wp\/v2\/media?parent=8671"}],"wp:term":[{"taxonomy":"category","embeddable":true,"href":"https:\/\/www.7tvs.com.br\/7tvs\/wp-json\/wp\/v2\/categories?post=8671"},{"taxonomy":"post_tag","embeddable":true,"href":"https:\/\/www.7tvs.com.br\/7tvs\/wp-json\/wp\/v2\/tags?post=8671"}],"curies":[{"name":"wp","href":"https:\/\/api.w.org\/{rel}","templated":true}]}}