{"id":8669,"date":"2026-03-12T00:07:16","date_gmt":"2026-03-12T03:07:16","guid":{"rendered":"https:\/\/www.7tvs.com.br\/7tvs\/2026\/03\/12\/rafael-fonteles-posse-joaquim-bezerra-2\/"},"modified":"2026-03-12T00:07:16","modified_gmt":"2026-03-12T03:07:16","slug":"rafael-fonteles-posse-joaquim-bezerra-2","status":"publish","type":"post","link":"https:\/\/www.7tvs.com.br\/7tvs\/2026\/03\/12\/rafael-fonteles-posse-joaquim-bezerra-2\/","title":{"rendered":"Rafael Fonteles Celebra Posse de Joaquim Bezerra no CFC e Destaca Relev\u00e2ncia da Contabilidade"},"content":{"rendered":"\n<p>O governador do Piau\u00ed, Rafael Fonteles, marcou presen\u00e7a na cerim\u00f4nia de posse de Joaquim Bezerra como presidente do Conselho Federal de Contabilidade (CFC) para o bi\u00eanio 2026-2027. O evento, realizado no Centro de Conven\u00e7\u00f5es Ulysses Guimar\u00e3es, em Bras\u00edlia, atraiu mais de 2 mil convidados, incluindo autoridades de diversos setores.<\/p>\n\n\n\n<h2 class=\"wp-block-heading\">A Import\u00e2ncia da Contabilidade para a Economia<\/h2>\n\n\n\n<p>Durante seu discurso, Fonteles enfatizou o papel crucial dos contadores na economia do Brasil. Ele compartilhou sua experi\u00eancia como empres\u00e1rio e gestor p\u00fablico, ressaltando a relev\u00e2ncia do trabalho cont\u00e1bil para assegurar o crescimento econ\u00f4mico e a transpar\u00eancia nas finan\u00e7as. O governador afirmou: &quot;O trabalho de cada um de voc\u00eas \u00e9 muito importante para garantir o desenvolvimento econ\u00f4mico, a integridade e a transpar\u00eancia dos processos financeiros p\u00fablicos e privados.&quot;<\/p>\n\n\n\n<h2 class=\"wp-block-heading\">Reconhecimento ao Novo Presidente do CFC<\/h2>\n\n\n\n<p>Fonteles tamb\u00e9m destacou a trajet\u00f3ria de Joaquim Bezerra, ressaltando que ele \u00e9 mais um piauiense a se destacar em n\u00edvel nacional. O governador expressou seu orgulho em ver Bezerra assumir uma posi\u00e7\u00e3o t\u00e3o relevante, afirmando que sua lideran\u00e7a ser\u00e1 uma honra para o estado. Ele declarou: &quot;N\u00e3o tenho d\u00favida que ele vai orgulhar o povo do Piau\u00ed. Viva o Piau\u00ed! Viva Joaquim Bezerra!&quot;<\/p>\n\n\n\n<h2 class=\"wp-block-heading\">Cerim\u00f4nia e Prest\u00edgios<\/h2>\n\n\n\n<p>A cerim\u00f4nia de posse foi prestigiada por diversas autoridades, incluindo membros do executivo estadual e federal, do judici\u00e1rio e parlamentares, al\u00e9m de cerca de 400 piauienses que vieram apoiar o conterr\u00e2neo. O evento tamb\u00e9m contou com apresenta\u00e7\u00f5es culturais, destacando a presen\u00e7a do humorista e cantor piauiense Jo\u00e3o Cl\u00e1udio Moreno e da cantora Soraya Castelo Branco.<\/p>\n\n\n\n<h2 class=\"wp-block-heading\">Joaquim Bezerra: Uma Trajet\u00f3ria de Sucesso<\/h2>\n\n\n\n<p>Natural de Teresina, Joaquim Bezerra possui uma carreira consolidada na contabilidade, com mais de 20 anos de experi\u00eancia. Ele se destacou em \u00e1reas como auditoria, governan\u00e7a, gest\u00e3o estrat\u00e9gica e controle institucional. Em seu discurso de posse, Bezerra expressou sua gratid\u00e3o pela nova fun\u00e7\u00e3o, enfatizando que liderar o CFC n\u00e3o \u00e9 apenas um desafio, mas uma honra e um compromisso com a profiss\u00e3o. Ele afirmou: &quot;\u00c9 uma ben\u00e7\u00e3o saber que essa jornada me trouxe n\u00e3o para longe de voc\u00eas, mas, para mais perto do que sei fazer melhor, que \u00e9 servir.&quot;<\/p>\n\n\n\n<p>Com a nova lideran\u00e7a de Joaquim Bezerra, o CFC passa a contar com a representa\u00e7\u00e3o de aproximadamente 550 mil profissionais da contabilidade em todo o Brasil, consolidando ainda mais a import\u00e2ncia da categoria para o desenvolvimento econ\u00f4mico do pa\u00eds.<\/p>\n","protected":false},"excerpt":{"rendered":"<p>O governador do Piau\u00ed, Rafael Fonteles, marcou presen\u00e7a na cerim\u00f4nia de posse de Joaquim Bezerra como presidente do Conselho Federal de Contabilidade (CFC) para o bi\u00eanio 2026-2027. O evento, realizado no Centro de Conven\u00e7\u00f5es Ulysses Guimar\u00e3es, em Bras\u00edlia, atraiu mais de 2 mil convidados, incluindo autoridades de diversos setores. A Import\u00e2ncia da Contabilidade para a [&hellip;]<\/p>\n","protected":false},"author":4,"featured_media":0,"comment_status":"open","ping_status":"open","sticky":false,"template":"","format":"standard","meta":{"footnotes":""},"categories":[387],"tags":[199,2706,2707,2705,664,2341,1313],"class_list":["post-8669","post","type-post","status-publish","format-standard","hentry","category-tvpiaui","tag-economia","tag-cfc","tag-contabilidade","tag-joaquim-bezerra","tag-piaui","tag-posse","tag-rafael-fonteles"],"_links":{"self":[{"href":"https:\/\/www.7tvs.com.br\/7tvs\/wp-json\/wp\/v2\/posts\/8669","targetHints":{"allow":["GET"]}}],"collection":[{"href":"https:\/\/www.7tvs.com.br\/7tvs\/wp-json\/wp\/v2\/posts"}],"about":[{"href":"https:\/\/www.7tvs.com.br\/7tvs\/wp-json\/wp\/v2\/types\/post"}],"author":[{"embeddable":true,"href":"https:\/\/www.7tvs.com.br\/7tvs\/wp-json\/wp\/v2\/users\/4"}],"replies":[{"embeddable":true,"href":"https:\/\/www.7tvs.com.br\/7tvs\/wp-json\/wp\/v2\/comments?post=8669"}],"version-history":[{"count":0,"href":"https:\/\/www.7tvs.com.br\/7tvs\/wp-json\/wp\/v2\/posts\/8669\/revisions"}],"wp:attachment":[{"href":"https:\/\/www.7tvs.com.br\/7tvs\/wp-json\/wp\/v2\/media?parent=8669"}],"wp:term":[{"taxonomy":"category","embeddable":true,"href":"https:\/\/www.7tvs.com.br\/7tvs\/wp-json\/wp\/v2\/categories?post=8669"},{"taxonomy":"post_tag","embeddable":true,"href":"https:\/\/www.7tvs.com.br\/7tvs\/wp-json\/wp\/v2\/tags?post=8669"}],"curies":[{"name":"wp","href":"https:\/\/api.w.org\/{rel}","templated":true}]}}