{"id":8668,"date":"2026-03-12T00:07:15","date_gmt":"2026-03-12T03:07:15","guid":{"rendered":"https:\/\/www.7tvs.com.br\/7tvs\/2026\/03\/12\/rafael-fonteles-posse-joaquim-bezerra\/"},"modified":"2026-03-12T00:07:15","modified_gmt":"2026-03-12T03:07:15","slug":"rafael-fonteles-posse-joaquim-bezerra","status":"publish","type":"post","link":"https:\/\/www.7tvs.com.br\/7tvs\/2026\/03\/12\/rafael-fonteles-posse-joaquim-bezerra\/","title":{"rendered":"Rafael Fonteles Celebra Posse de Joaquim Bezerra como Presidente do Conselho Federal de Contabilidade"},"content":{"rendered":"\n<p>Na \u00faltima quarta-feira, dia 11, o governador do Piau\u00ed, Rafael Fonteles, esteve presente na cerim\u00f4nia de posse de Joaquim Bezerra como presidente do Conselho Federal de Contabilidade (CFC) para o bi\u00eanio 2026-2027. O evento, que ocorreu no Centro de Conven\u00e7\u00f5es Ulysses Guimar\u00e3es, em Bras\u00edlia, contou com a presen\u00e7a de mais de 2 mil convidados, incluindo autoridades de diferentes esferas do governo.<\/p>\n\n\n\n<h2 class=\"wp-block-heading\">A Import\u00e2ncia da Contabilidade para a Economia<\/h2>\n\n\n\n<p>Durante a solenidade, Fonteles enfatizou o papel crucial dos contadores na economia brasileira. Ele destacou como a atividade cont\u00e1bil \u00e9 fundamental tanto para o setor privado quanto para a administra\u00e7\u00e3o p\u00fablica. &#039;O trabalho de cada um de voc\u00eas \u00e9 essencial para promover o desenvolvimento econ\u00f4mico, al\u00e9m de assegurar a integridade e a transpar\u00eancia dos processos financeiros&#039;, declarou o governador.<\/p>\n\n\n\n<h2 class=\"wp-block-heading\">Reconhecimento e Orgulho Piauiense<\/h2>\n\n\n\n<p>O governador tamb\u00e9m manifestou seu orgulho em ver um conterr\u00e2neo assumindo uma posi\u00e7\u00e3o de destaque no cen\u00e1rio nacional. Joaquim Bezerra, segundo Fonteles, \u00e9 um exemplo de compet\u00eancia e carisma, capaz de liderar uma categoria que abrange mais de 500 mil profissionais. &#039;\u00c9 uma honra ver mais um piauiense talentoso \u00e0 frente de uma miss\u00e3o t\u00e3o importante&#039;, completou.<\/p>\n\n\n\n<h2 class=\"wp-block-heading\">Cerim\u00f4nia Repleta de Emo\u00e7\u00f5es e Cultura<\/h2>\n\n\n\n<p>O evento n\u00e3o apenas celebrou a posse, mas tamb\u00e9m reuniu diversas autoridades do governo, do Judici\u00e1rio e parlamentares, al\u00e9m de cerca de 400 piauienses que foram prestigiar Bezerra. A cerim\u00f4nia incluiu apresenta\u00e7\u00f5es culturais, com destaque para o humorista e cantor Jo\u00e3o Cl\u00e1udio Moreno e a cantora Soraya Castelo Branco, que alegraram o p\u00fablico presente.<\/p>\n\n\n\n<h2 class=\"wp-block-heading\">A Nova Miss\u00e3o de Joaquim Bezerra<\/h2>\n\n\n\n<p>Em seu discurso de posse, Joaquim Bezerra expressou sua honra em assumir a presid\u00eancia do CFC. Ele afirmou que a nova responsabilidade n\u00e3o \u00e9 um peso, mas sim uma ben\u00e7\u00e3o e um dever. &#039;Estou aqui para servir, mais pr\u00f3ximo de voc\u00eas e daquilo que sei fazer melhor&#039;, declarou, ressaltando seu compromisso com a classe cont\u00e1bil.<\/p>\n\n\n\n<h2 class=\"wp-block-heading\">Trajet\u00f3ria Profissional de Joaquim Bezerra<\/h2>\n\n\n\n<p>Natural de Teresina, Joaquim Bezerra \u00e9 um profissional com mais de vinte anos de experi\u00eancia na \u00e1rea cont\u00e1bil. Ele se destaca em auditoria, governan\u00e7a, gest\u00e3o estrat\u00e9gica e controle institucional, trazendo consigo um vasto conhecimento e uma s\u00f3lida trajet\u00f3ria que o credenciam para liderar o CFC.<\/p>\n\n\n\n<h2 class=\"wp-block-heading\">Conclus\u00e3o<\/h2>\n\n\n\n<p>A posse de Joaquim Bezerra como presidente do CFC marca um momento significativo tanto para ele quanto para a contabilidade no Brasil. Com o apoio de figuras importantes como o governador Rafael Fonteles, espera-se que Bezerra possa conduzir a classe cont\u00e1bil a novos patamares, promovendo a transpar\u00eancia e o desenvolvimento econ\u00f4mico do pa\u00eds.<\/p>\n","protected":false},"excerpt":{"rendered":"<p>Na \u00faltima quarta-feira, dia 11, o governador do Piau\u00ed, Rafael Fonteles, esteve presente na cerim\u00f4nia de posse de Joaquim Bezerra como presidente do Conselho Federal de Contabilidade (CFC) para o bi\u00eanio 2026-2027. O evento, que ocorreu no Centro de Conven\u00e7\u00f5es Ulysses Guimar\u00e3es, em Bras\u00edlia, contou com a presen\u00e7a de mais de 2 mil convidados, incluindo [&hellip;]<\/p>\n","protected":false},"author":4,"featured_media":0,"comment_status":"open","ping_status":"open","sticky":false,"template":"","format":"standard","meta":{"footnotes":""},"categories":[387],"tags":[199,2706,2707,2705,664,2341,1313],"class_list":["post-8668","post","type-post","status-publish","format-standard","hentry","category-tvpiaui","tag-economia","tag-cfc","tag-contabilidade","tag-joaquim-bezerra","tag-piaui","tag-posse","tag-rafael-fonteles"],"_links":{"self":[{"href":"https:\/\/www.7tvs.com.br\/7tvs\/wp-json\/wp\/v2\/posts\/8668","targetHints":{"allow":["GET"]}}],"collection":[{"href":"https:\/\/www.7tvs.com.br\/7tvs\/wp-json\/wp\/v2\/posts"}],"about":[{"href":"https:\/\/www.7tvs.com.br\/7tvs\/wp-json\/wp\/v2\/types\/post"}],"author":[{"embeddable":true,"href":"https:\/\/www.7tvs.com.br\/7tvs\/wp-json\/wp\/v2\/users\/4"}],"replies":[{"embeddable":true,"href":"https:\/\/www.7tvs.com.br\/7tvs\/wp-json\/wp\/v2\/comments?post=8668"}],"version-history":[{"count":0,"href":"https:\/\/www.7tvs.com.br\/7tvs\/wp-json\/wp\/v2\/posts\/8668\/revisions"}],"wp:attachment":[{"href":"https:\/\/www.7tvs.com.br\/7tvs\/wp-json\/wp\/v2\/media?parent=8668"}],"wp:term":[{"taxonomy":"category","embeddable":true,"href":"https:\/\/www.7tvs.com.br\/7tvs\/wp-json\/wp\/v2\/categories?post=8668"},{"taxonomy":"post_tag","embeddable":true,"href":"https:\/\/www.7tvs.com.br\/7tvs\/wp-json\/wp\/v2\/tags?post=8668"}],"curies":[{"name":"wp","href":"https:\/\/api.w.org\/{rel}","templated":true}]}}