{"id":8667,"date":"2026-03-12T00:06:58","date_gmt":"2026-03-12T03:06:58","guid":{"rendered":"https:\/\/www.7tvs.com.br\/7tvs\/2026\/03\/12\/desigualdade-lei-rouanet-nordeste\/"},"modified":"2026-03-12T00:06:58","modified_gmt":"2026-03-12T03:06:58","slug":"desigualdade-lei-rouanet-nordeste","status":"publish","type":"post","link":"https:\/\/www.7tvs.com.br\/7tvs\/2026\/03\/12\/desigualdade-lei-rouanet-nordeste\/","title":{"rendered":"Desigualdade na Capta\u00e7\u00e3o Cultural: A Lei Rouanet e o Nordeste"},"content":{"rendered":"\n<p>Um estudo recente revelou que a distribui\u00e7\u00e3o de recursos captados pela Lei Rouanet \u00e9 desproporcional, com apenas R$6 de cada R$100 destinados a projetos na regi\u00e3o Nordeste do Brasil. Essa situa\u00e7\u00e3o evidencia uma concentra\u00e7\u00e3o de investimentos culturais nas regi\u00f5es do Rio de Janeiro e S\u00e3o Paulo, refor\u00e7ando as desigualdades j\u00e1 existentes no pa\u00eds.<\/p>\n\n\n\n<h2 class=\"wp-block-heading\">A Lei Rouanet: Contexto e Objetivos<\/h2>\n\n\n\n<p>Institu\u00edda em 1991, a Lei Rouanet tem como objetivo fomentar a cultura no Brasil, permitindo que empresas e indiv\u00edduos deduzam do imposto de renda valores investidos em projetos culturais. A inten\u00e7\u00e3o \u00e9 democratizar o acesso \u00e0 cultura, mas a realidade tem mostrado que isso n\u00e3o se concretiza igualmente em todas as regi\u00f5es.<\/p>\n\n\n\n<h2 class=\"wp-block-heading\">Concentra\u00e7\u00e3o de Recursos no Eixo Rio-S\u00e3o Paulo<\/h2>\n\n\n\n<p>Os dados indicam que o eixo Rio-S\u00e3o Paulo \u00e9 o principal benefici\u00e1rio dos recursos da Lei Rouanet, atraindo a maior parte dos investimentos culturais. Essa concentra\u00e7\u00e3o n\u00e3o apenas marginaliza outras regi\u00f5es, mas tamb\u00e9m impede o desenvolvimento de uma cena cultural diversificada em todo o Brasil.<\/p>\n\n\n\n<h2 class=\"wp-block-heading\">O Impacto da Desigualdade Cultural<\/h2>\n\n\n\n<p>A desigualdade na capta\u00e7\u00e3o de recursos culturais tem consequ\u00eancias diretas sobre a produ\u00e7\u00e3o art\u00edstica no Nordeste. Projetos que poderiam enriquecer a cultura local e criar oportunidades para artistas da regi\u00e3o enfrentam dificuldades em conseguir financiamento, o que limita a diversidade cultural e a representa\u00e7\u00e3o de vozes regionais.<\/p>\n\n\n\n<h2 class=\"wp-block-heading\">Caminhos para a Mudan\u00e7a<\/h2>\n\n\n\n<p>Para reverter esse cen\u00e1rio, \u00e9 essencial que haja uma revis\u00e3o nas pol\u00edticas de incentivo \u00e0 cultura. Medidas que priorizem a distribui\u00e7\u00e3o equitativa dos recursos entre as diversas regi\u00f5es do Brasil s\u00e3o fundamentais para promover um ambiente cultural mais justo e representativo.<\/p>\n\n\n\n<h2 class=\"wp-block-heading\">Conclus\u00e3o: A Necessidade de Equidade<\/h2>\n\n\n\n<p>A an\u00e1lise da capta\u00e7\u00e3o de recursos pela Lei Rouanet deixa claro que a cultura brasileira ainda enfrenta grandes desafios relacionados \u00e0 desigualdade. Para que a riqueza cultural do pa\u00eds possa ser plenamente explorada, \u00e9 vital que investimentos sejam direcionados de maneira mais equilibrada, garantindo que todos os brasileiros tenham a oportunidade de contribuir e se beneficiar da produ\u00e7\u00e3o cultural.<\/p>\n","protected":false},"excerpt":{"rendered":"<p>Um estudo recente revelou que a distribui\u00e7\u00e3o de recursos captados pela Lei Rouanet \u00e9 desproporcional, com apenas R$6 de cada R$100 destinados a projetos na regi\u00e3o Nordeste do Brasil. Essa situa\u00e7\u00e3o evidencia uma concentra\u00e7\u00e3o de investimentos culturais nas regi\u00f5es do Rio de Janeiro e S\u00e3o Paulo, refor\u00e7ando as desigualdades j\u00e1 existentes no pa\u00eds. A Lei [&hellip;]<\/p>\n","protected":false},"author":4,"featured_media":0,"comment_status":"open","ping_status":"open","sticky":false,"template":"","format":"standard","meta":{"footnotes":""},"categories":[361],"tags":[1729,659,1759,1398,2703,1002,2704],"class_list":["post-8667","post","type-post","status-publish","format-standard","hentry","category-tvpernambuco","tag-arte","tag-cultura","tag-desigualdade","tag-investimentos","tag-lei-rouanet","tag-nordeste","tag-politica-cultural"],"_links":{"self":[{"href":"https:\/\/www.7tvs.com.br\/7tvs\/wp-json\/wp\/v2\/posts\/8667","targetHints":{"allow":["GET"]}}],"collection":[{"href":"https:\/\/www.7tvs.com.br\/7tvs\/wp-json\/wp\/v2\/posts"}],"about":[{"href":"https:\/\/www.7tvs.com.br\/7tvs\/wp-json\/wp\/v2\/types\/post"}],"author":[{"embeddable":true,"href":"https:\/\/www.7tvs.com.br\/7tvs\/wp-json\/wp\/v2\/users\/4"}],"replies":[{"embeddable":true,"href":"https:\/\/www.7tvs.com.br\/7tvs\/wp-json\/wp\/v2\/comments?post=8667"}],"version-history":[{"count":0,"href":"https:\/\/www.7tvs.com.br\/7tvs\/wp-json\/wp\/v2\/posts\/8667\/revisions"}],"wp:attachment":[{"href":"https:\/\/www.7tvs.com.br\/7tvs\/wp-json\/wp\/v2\/media?parent=8667"}],"wp:term":[{"taxonomy":"category","embeddable":true,"href":"https:\/\/www.7tvs.com.br\/7tvs\/wp-json\/wp\/v2\/categories?post=8667"},{"taxonomy":"post_tag","embeddable":true,"href":"https:\/\/www.7tvs.com.br\/7tvs\/wp-json\/wp\/v2\/tags?post=8667"}],"curies":[{"name":"wp","href":"https:\/\/api.w.org\/{rel}","templated":true}]}}