{"id":8663,"date":"2026-03-12T00:06:23","date_gmt":"2026-03-12T03:06:23","guid":{"rendered":"https:\/\/www.7tvs.com.br\/7tvs\/2026\/03\/12\/protesto-passo-da-patria\/"},"modified":"2026-03-12T00:06:23","modified_gmt":"2026-03-12T03:06:23","slug":"protesto-passo-da-patria","status":"publish","type":"post","link":"https:\/\/www.7tvs.com.br\/7tvs\/2026\/03\/12\/protesto-passo-da-patria\/","title":{"rendered":"Protesto na Comunidade do Passo da P\u00e1tria Resulta em Inc\u00eandio de \u00d4nibus"},"content":{"rendered":"\n<p>Na noite de quarta-feira, 11 de outubro, um \u00f4nibus foi incendiado durante um protesto na comunidade do Passo da P\u00e1tria, localizada na zona Leste de Natal. A situa\u00e7\u00e3o foi registrada por uma equipe da TV Tropical, que acompanhou os eventos tumultuados.<\/p>\n\n\n\n<h2 class=\"wp-block-heading\">Causas do Protesto e A\u00e7\u00e3o Policial<\/h2>\n\n\n\n<p>O protesto aconteceu logo ap\u00f3s uma opera\u00e7\u00e3o policial que visava combater a criminalidade na regi\u00e3o. De acordo com relatos iniciais, a a\u00e7\u00e3o resultou em dois suspeitos baleados, embora as informa\u00e7\u00f5es oficiais sobre o ocorrido ainda n\u00e3o tenham sido divulgadas at\u00e9 o fechamento desta mat\u00e9ria.<\/p>\n\n\n\n<h2 class=\"wp-block-heading\">Barricadas e Conflito<\/h2>\n\n\n\n<p>Durante a manifesta\u00e7\u00e3o, os moradores e ativistas ergueram barricadas nas vias de acesso \u00e0 comunidade, criando um ambiente de tens\u00e3o. O \u00f4nibus, que estava parado no local, tornou-se o alvo do descontentamento dos manifestantes, que acabaram por incendi\u00e1-lo em meio ao tumulto.<\/p>\n\n\n\n<h2 class=\"wp-block-heading\">Resposta das Autoridades<\/h2>\n\n\n\n<p>Por volta das 22h, o \u00f4nibus j\u00e1 havia sido removido da \u00e1rea, enquanto a Pol\u00edcia Militar se posicionava nas proximidades da entrada da comunidade para garantir a seguran\u00e7a e controlar a situa\u00e7\u00e3o. A presen\u00e7a policial visava evitar novos confrontos e restaurar a ordem na regi\u00e3o.<\/p>\n\n\n\n<h2 class=\"wp-block-heading\">Cobertura da M\u00eddia<\/h2>\n\n\n\n<p>Imagens transmitidas pela TV Tropical mostraram o momento em que o \u00f4nibus foi atacado, evidenciando a intensidade do protesto. A cobertura midi\u00e1tica destacou n\u00e3o apenas o inc\u00eandio, mas tamb\u00e9m a mobiliza\u00e7\u00e3o comunit\u00e1ria em resposta \u00e0s a\u00e7\u00f5es policiais, refletindo uma preocupa\u00e7\u00e3o maior com a seguran\u00e7a e os direitos dos moradores.<\/p>\n\n\n\n<h2 class=\"wp-block-heading\">Conclus\u00e3o<\/h2>\n\n\n\n<p>O incidente no Passo da P\u00e1tria evidencia a complexidade das rela\u00e7\u00f5es entre a comunidade e as for\u00e7as de seguran\u00e7a, bem como a fragilidade da situa\u00e7\u00e3o social na regi\u00e3o. A expectativa \u00e9 que investiga\u00e7\u00f5es sejam realizadas para esclarecer os fatos ocorridos durante a opera\u00e7\u00e3o policial e as circunst\u00e2ncias que levaram ao protesto, contribuindo para um di\u00e1logo mais construtivo entre os envolvidos.<\/p>\n","protected":false},"excerpt":{"rendered":"<p>Na noite de quarta-feira, 11 de outubro, um \u00f4nibus foi incendiado durante um protesto na comunidade do Passo da P\u00e1tria, localizada na zona Leste de Natal. A situa\u00e7\u00e3o foi registrada por uma equipe da TV Tropical, que acompanhou os eventos tumultuados. Causas do Protesto e A\u00e7\u00e3o Policial O protesto aconteceu logo ap\u00f3s uma opera\u00e7\u00e3o policial [&hellip;]<\/p>\n","protected":false},"author":4,"featured_media":8683,"comment_status":"open","ping_status":"open","sticky":false,"template":"","format":"standard","meta":{"footnotes":""},"categories":[15],"tags":[332,654,633,652,1492,2694,751,1932],"class_list":["post-8663","post","type-post","status-publish","format-standard","has-post-thumbnail","hentry","category-tvriograndedonorte","tag-policia","tag-comunidade","tag-direitos","tag-incendio","tag-natal","tag-passo-da-patria","tag-protesto","tag-tensao"],"_links":{"self":[{"href":"https:\/\/www.7tvs.com.br\/7tvs\/wp-json\/wp\/v2\/posts\/8663","targetHints":{"allow":["GET"]}}],"collection":[{"href":"https:\/\/www.7tvs.com.br\/7tvs\/wp-json\/wp\/v2\/posts"}],"about":[{"href":"https:\/\/www.7tvs.com.br\/7tvs\/wp-json\/wp\/v2\/types\/post"}],"author":[{"embeddable":true,"href":"https:\/\/www.7tvs.com.br\/7tvs\/wp-json\/wp\/v2\/users\/4"}],"replies":[{"embeddable":true,"href":"https:\/\/www.7tvs.com.br\/7tvs\/wp-json\/wp\/v2\/comments?post=8663"}],"version-history":[{"count":0,"href":"https:\/\/www.7tvs.com.br\/7tvs\/wp-json\/wp\/v2\/posts\/8663\/revisions"}],"wp:featuredmedia":[{"embeddable":true,"href":"https:\/\/www.7tvs.com.br\/7tvs\/wp-json\/wp\/v2\/media\/8683"}],"wp:attachment":[{"href":"https:\/\/www.7tvs.com.br\/7tvs\/wp-json\/wp\/v2\/media?parent=8663"}],"wp:term":[{"taxonomy":"category","embeddable":true,"href":"https:\/\/www.7tvs.com.br\/7tvs\/wp-json\/wp\/v2\/categories?post=8663"},{"taxonomy":"post_tag","embeddable":true,"href":"https:\/\/www.7tvs.com.br\/7tvs\/wp-json\/wp\/v2\/tags?post=8663"}],"curies":[{"name":"wp","href":"https:\/\/api.w.org\/{rel}","templated":true}]}}