{"id":8661,"date":"2026-03-12T00:05:52","date_gmt":"2026-03-12T03:05:52","guid":{"rendered":"https:\/\/www.7tvs.com.br\/7tvs\/2026\/03\/12\/reuniao-minas-gerais-apoio-familias\/"},"modified":"2026-03-12T00:05:52","modified_gmt":"2026-03-12T03:05:52","slug":"reuniao-minas-gerais-apoio-familias","status":"publish","type":"post","link":"https:\/\/www.7tvs.com.br\/7tvs\/2026\/03\/12\/reuniao-minas-gerais-apoio-familias\/","title":{"rendered":"Reuni\u00e3o em Minas Gerais Foca em A\u00e7\u00f5es de Apoio \u00e0s Fam\u00edlias Atingidas por Chuvas"},"content":{"rendered":"\n<p>Recentemente, o Governo de Minas Gerais promoveu um encontro significativo com gestores da Zona da Mata, visando discutir a\u00e7\u00f5es de apoio \u00e0s comunidades impactadas pelas intensas chuvas que atingiram a regi\u00e3o. A reuni\u00e3o, organizada pela Secretaria de Estado de Desenvolvimento Social (Sedese), teve como objetivo principal fortalecer a colabora\u00e7\u00e3o entre o estado e os munic\u00edpios, al\u00e9m de apresentar iniciativas concretas para atender \u00e0s necessidades das fam\u00edlias afetadas.<\/p>\n\n\n\n<h2 class=\"wp-block-heading\">Articula\u00e7\u00e3o entre Estado e Munic\u00edpios<\/h2>\n\n\n\n<p>Durante o encontro, os representantes da Sedese enfatizaram a import\u00e2ncia da articula\u00e7\u00e3o entre o Governo de Minas e as administra\u00e7\u00f5es municipais. Essa coopera\u00e7\u00e3o \u00e9 fundamental para garantir uma resposta r\u00e1pida e eficaz diante das consequ\u00eancias das chuvas, que causaram danos significativos em diversas localidades. A troca de informa\u00e7\u00f5es e experi\u00eancias entre os gestores foi destacada como uma estrat\u00e9gia essencial para otimizar os esfor\u00e7os de recupera\u00e7\u00e3o.<\/p>\n\n\n\n<h2 class=\"wp-block-heading\">Medidas de Atendimento \u00e0s Fam\u00edlias<\/h2>\n\n\n\n<p>Al\u00e9m da articula\u00e7\u00e3o com os munic\u00edpios, o encontro tamb\u00e9m apresentou uma s\u00e9rie de medidas que visam atender as fam\u00edlias que sofreram perdas devido \u00e0s chuvas. As a\u00e7\u00f5es propostas incluem a distribui\u00e7\u00e3o de cestas b\u00e1sicas, a oferta de servi\u00e7os de assist\u00eancia social e a disponibiliza\u00e7\u00e3o de abrigo tempor\u00e1rio para aqueles que perderam suas resid\u00eancias. Essas iniciativas s\u00e3o parte de um esfor\u00e7o mais amplo para mitigar os impactos das chuvas e promover a recupera\u00e7\u00e3o das comunidades afetadas.<\/p>\n\n\n\n<h2 class=\"wp-block-heading\">Compromisso com a Recupera\u00e7\u00e3o<\/h2>\n\n\n\n<p>O evento tamb\u00e9m refor\u00e7ou o compromisso do Governo de Minas em apoiar a recupera\u00e7\u00e3o das \u00e1reas atingidas. Os gestores municipais receberam orienta\u00e7\u00f5es sobre como acessar recursos estaduais e implementar as a\u00e7\u00f5es necess\u00e1rias para a recupera\u00e7\u00e3o das infraestruturas danificadas. A Sedese se comprometeu a acompanhar de perto a situa\u00e7\u00e3o e a oferecer suporte cont\u00ednuo, assegurando que as fam\u00edlias afetadas recebam a assist\u00eancia necess\u00e1ria.<\/p>\n\n\n\n<h2 class=\"wp-block-heading\">Conclus\u00e3o<\/h2>\n\n\n\n<p>A reuni\u00e3o entre o Governo de Minas e os gestores da Zona da Mata representa um passo importante na recupera\u00e7\u00e3o das comunidades afetadas pelas chuvas. Com uma abordagem colaborativa e focada nas necessidades das fam\u00edlias, as medidas discutidas t\u00eam o potencial de promover um al\u00edvio significativo e ajudar na reconstru\u00e7\u00e3o das \u00e1reas impactadas. O compromisso demonstrado pelas autoridades estaduais e municipais \u00e9 um sinal de esperan\u00e7a para os moradores que enfrentam os desafios impostos por essa calamidade natural.<\/p>\n","protected":false},"excerpt":{"rendered":"<p>Recentemente, o Governo de Minas Gerais promoveu um encontro significativo com gestores da Zona da Mata, visando discutir a\u00e7\u00f5es de apoio \u00e0s comunidades impactadas pelas intensas chuvas que atingiram a regi\u00e3o. A reuni\u00e3o, organizada pela Secretaria de Estado de Desenvolvimento Social (Sedese), teve como objetivo principal fortalecer a colabora\u00e7\u00e3o entre o estado e os munic\u00edpios, [&hellip;]<\/p>\n","protected":false},"author":4,"featured_media":8681,"comment_status":"open","ping_status":"open","sticky":false,"template":"","format":"standard","meta":{"footnotes":""},"categories":[8],"tags":[1555,612,1766,165,2691,1882],"class_list":["post-8661","post","type-post","status-publish","format-standard","has-post-thumbnail","hentry","category-tvminasgerais","tag-apoio","tag-chuvas","tag-familias","tag-minas-gerais","tag-sedese","tag-zona-da-mata"],"_links":{"self":[{"href":"https:\/\/www.7tvs.com.br\/7tvs\/wp-json\/wp\/v2\/posts\/8661","targetHints":{"allow":["GET"]}}],"collection":[{"href":"https:\/\/www.7tvs.com.br\/7tvs\/wp-json\/wp\/v2\/posts"}],"about":[{"href":"https:\/\/www.7tvs.com.br\/7tvs\/wp-json\/wp\/v2\/types\/post"}],"author":[{"embeddable":true,"href":"https:\/\/www.7tvs.com.br\/7tvs\/wp-json\/wp\/v2\/users\/4"}],"replies":[{"embeddable":true,"href":"https:\/\/www.7tvs.com.br\/7tvs\/wp-json\/wp\/v2\/comments?post=8661"}],"version-history":[{"count":0,"href":"https:\/\/www.7tvs.com.br\/7tvs\/wp-json\/wp\/v2\/posts\/8661\/revisions"}],"wp:featuredmedia":[{"embeddable":true,"href":"https:\/\/www.7tvs.com.br\/7tvs\/wp-json\/wp\/v2\/media\/8681"}],"wp:attachment":[{"href":"https:\/\/www.7tvs.com.br\/7tvs\/wp-json\/wp\/v2\/media?parent=8661"}],"wp:term":[{"taxonomy":"category","embeddable":true,"href":"https:\/\/www.7tvs.com.br\/7tvs\/wp-json\/wp\/v2\/categories?post=8661"},{"taxonomy":"post_tag","embeddable":true,"href":"https:\/\/www.7tvs.com.br\/7tvs\/wp-json\/wp\/v2\/tags?post=8661"}],"curies":[{"name":"wp","href":"https:\/\/api.w.org\/{rel}","templated":true}]}}