{"id":8656,"date":"2026-03-11T17:11:16","date_gmt":"2026-03-11T20:11:16","guid":{"rendered":"https:\/\/www.7tvs.com.br\/7tvs\/2026\/03\/11\/conselho-seguranca-onu-ira-golfo\/"},"modified":"2026-03-11T17:11:16","modified_gmt":"2026-03-11T20:11:16","slug":"conselho-seguranca-onu-ira-golfo","status":"publish","type":"post","link":"https:\/\/www.7tvs.com.br\/7tvs\/2026\/03\/11\/conselho-seguranca-onu-ira-golfo\/","title":{"rendered":"Conselho de Seguran\u00e7a da ONU Clama pelo Fim dos Ataques Iranienses no Golfo"},"content":{"rendered":"\n<p>Recentemente, o Conselho de Seguran\u00e7a das Na\u00e7\u00f5es Unidas tomou uma posi\u00e7\u00e3o firme em rela\u00e7\u00e3o \u00e0 crescente tens\u00e3o no Golfo P\u00e9rsico. Atrav\u00e9s de uma resolu\u00e7\u00e3o un\u00e2nime, o \u00f3rg\u00e3o internacional exigiu que o Ir\u00e3 interrompesse imediatamente suas a\u00e7\u00f5es agressivas contra v\u00e1rias na\u00e7\u00f5es da regi\u00e3o.<\/p>\n\n\n\n<h2 class=\"wp-block-heading\">Condena\u00e7\u00e3o dos Ataques<\/h2>\n\n\n\n<p>O texto da resolu\u00e7\u00e3o expressa uma condena\u00e7\u00e3o clara e veemente dos ataques perpetrados pelo Ir\u00e3, descrevendo-os como &#039;flagrantes&#039;. Entre os pa\u00edses que se sentem amea\u00e7ados, est\u00e3o Bahrein, Kuwait, Om\u00e3, Catar, Ar\u00e1bia Saudita, Emirados \u00c1rabes Unidos e Jord\u00e2nia. A situa\u00e7\u00e3o alarmante gera preocupa\u00e7\u00f5es sobre a estabilidade regional e a seguran\u00e7a internacional.<\/p>\n\n\n\n<h2 class=\"wp-block-heading\">A Resolu\u00e7\u00e3o e Seu Apoio<\/h2>\n\n\n\n<p>A proposta da resolu\u00e7\u00e3o foi liderada pelo Bahrein e ganhou apoio esmagador, recebendo 13 votos favor\u00e1veis, enquanto R\u00fassia e China optaram por se abster. A aprova\u00e7\u00e3o reflete uma crescente preocupa\u00e7\u00e3o da comunidade internacional sobre as a\u00e7\u00f5es do Ir\u00e3 e suas implica\u00e7\u00f5es para a paz e a seguran\u00e7a no Oriente M\u00e9dio.<\/p>\n\n\n\n<h2 class=\"wp-block-heading\">Implica\u00e7\u00f5es Regionais e Internacionais<\/h2>\n\n\n\n<p>A resolu\u00e7\u00e3o n\u00e3o apenas sublinha a urg\u00eancia da situa\u00e7\u00e3o, mas tamb\u00e9m destaca a necessidade de um di\u00e1logo construtivo entre os pa\u00edses envolvidos. A continuidade dos ataques pode resultar em uma escalada de conflitos, afetando n\u00e3o apenas os pa\u00edses do Golfo, mas tamb\u00e9m a estabilidade global, considerando as interdepend\u00eancias econ\u00f4micas e pol\u00edticas que caracterizam a regi\u00e3o.<\/p>\n\n\n\n<h2 class=\"wp-block-heading\">Pr\u00f3ximos Passos<\/h2>\n\n\n\n<p>Os pr\u00f3ximos passos do Conselho de Seguran\u00e7a incluem monitorar a situa\u00e7\u00e3o e avaliar a resposta do Ir\u00e3 \u00e0 resolu\u00e7\u00e3o. A comunidade internacional aguarda com expectativa a\u00e7\u00f5es concretas que possam mitigar a tens\u00e3o e promover um ambiente de paz duradoura no Golfo P\u00e9rsico.<\/p>\n\n\n\n<h2 class=\"wp-block-heading\">Conclus\u00e3o<\/h2>\n\n\n\n<p>A resolu\u00e7\u00e3o do Conselho de Seguran\u00e7a da ONU representa um esfor\u00e7o significativo para abordar as hostilidades no Golfo. Com um chamado claro para a paz, o \u00f3rg\u00e3o internacional espera que o Ir\u00e3 responda positivamente, contribuindo para a estabilidade regional e evitando um conflito que poderia ter repercuss\u00f5es globais.<\/p>\n","protected":false},"excerpt":{"rendered":"<p>Recentemente, o Conselho de Seguran\u00e7a das Na\u00e7\u00f5es Unidas tomou uma posi\u00e7\u00e3o firme em rela\u00e7\u00e3o \u00e0 crescente tens\u00e3o no Golfo P\u00e9rsico. Atrav\u00e9s de uma resolu\u00e7\u00e3o un\u00e2nime, o \u00f3rg\u00e3o internacional exigiu que o Ir\u00e3 interrompesse imediatamente suas a\u00e7\u00f5es agressivas contra v\u00e1rias na\u00e7\u00f5es da regi\u00e3o. Condena\u00e7\u00e3o dos Ataques O texto da resolu\u00e7\u00e3o expressa uma condena\u00e7\u00e3o clara e veemente [&hellip;]<\/p>\n","protected":false},"author":4,"featured_media":8658,"comment_status":"open","ping_status":"open","sticky":false,"template":"","format":"standard","meta":{"footnotes":""},"categories":[765],"tags":[860,1138,1873,1854,1859,1128,637],"class_list":["post-8656","post","type-post","status-publish","format-standard","has-post-thumbnail","hentry","category-ultimas-news","tag-conflito","tag-diplomacia","tag-golfo-persico","tag-ira","tag-onu","tag-paz","tag-seguranca"],"_links":{"self":[{"href":"https:\/\/www.7tvs.com.br\/7tvs\/wp-json\/wp\/v2\/posts\/8656","targetHints":{"allow":["GET"]}}],"collection":[{"href":"https:\/\/www.7tvs.com.br\/7tvs\/wp-json\/wp\/v2\/posts"}],"about":[{"href":"https:\/\/www.7tvs.com.br\/7tvs\/wp-json\/wp\/v2\/types\/post"}],"author":[{"embeddable":true,"href":"https:\/\/www.7tvs.com.br\/7tvs\/wp-json\/wp\/v2\/users\/4"}],"replies":[{"embeddable":true,"href":"https:\/\/www.7tvs.com.br\/7tvs\/wp-json\/wp\/v2\/comments?post=8656"}],"version-history":[{"count":0,"href":"https:\/\/www.7tvs.com.br\/7tvs\/wp-json\/wp\/v2\/posts\/8656\/revisions"}],"wp:featuredmedia":[{"embeddable":true,"href":"https:\/\/www.7tvs.com.br\/7tvs\/wp-json\/wp\/v2\/media\/8658"}],"wp:attachment":[{"href":"https:\/\/www.7tvs.com.br\/7tvs\/wp-json\/wp\/v2\/media?parent=8656"}],"wp:term":[{"taxonomy":"category","embeddable":true,"href":"https:\/\/www.7tvs.com.br\/7tvs\/wp-json\/wp\/v2\/categories?post=8656"},{"taxonomy":"post_tag","embeddable":true,"href":"https:\/\/www.7tvs.com.br\/7tvs\/wp-json\/wp\/v2\/tags?post=8656"}],"curies":[{"name":"wp","href":"https:\/\/api.w.org\/{rel}","templated":true}]}}