{"id":8627,"date":"2026-03-11T00:14:28","date_gmt":"2026-03-11T03:14:28","guid":{"rendered":"https:\/\/www.7tvs.com.br\/7tvs\/2026\/03\/11\/apreensao-diesel-garimpo-sarare\/"},"modified":"2026-03-11T00:14:28","modified_gmt":"2026-03-11T03:14:28","slug":"apreensao-diesel-garimpo-sarare","status":"publish","type":"post","link":"https:\/\/www.7tvs.com.br\/7tvs\/2026\/03\/11\/apreensao-diesel-garimpo-sarare\/","title":{"rendered":"Apreens\u00e3o de Diesel Destinado a Garimpo Ilegal na Terra Ind\u00edgena Sarar\u00e9 em MT"},"content":{"rendered":"\n<p>Na \u00faltima segunda-feira (9), a Pol\u00edcia Rodovi\u00e1ria Federal (PRF) fez uma significativa apreens\u00e3o de mais de 27 mil litros de \u00f3leo diesel em uma opera\u00e7\u00e3o na BR-174B, pr\u00f3ximo a Pontes e Lacerda, a 483 km de Cuiab\u00e1. O combust\u00edvel, que tinha como destino a Terra Ind\u00edgena Sarar\u00e9, seria utilizado para abastecer atividades de garimpo ilegal na regi\u00e3o.<\/p>\n\n\n\n<h2 class=\"wp-block-heading\">Detalhes da Apreens\u00e3o<\/h2>\n\n\n\n<p>A abordagem dos ve\u00edculos ocorreu em um per\u00edodo de aproximadamente 30 minutos, resultando na intercepta\u00e7\u00e3o de tr\u00eas caminh\u00f5es que transportavam o combust\u00edvel. A PRF destacou que essa opera\u00e7\u00e3o revela uma estrutura organizada para o abastecimento das atividades ilegais, evidenciando a gravidade do problema na \u00e1rea. Durante a a\u00e7\u00e3o, um dos motoristas abandonou seu caminh\u00e3o e se evadiu para uma \u00e1rea de mata ao notar a presen\u00e7a dos policiais.<\/p>\n\n\n\n<h2 class=\"wp-block-heading\">Impacto do Garimpo Ilegal na Terra Ind\u00edgena Sarar\u00e9<\/h2>\n\n\n\n<p>Com uma extens\u00e3o de 67 mil hectares, a Terra Ind\u00edgena Sarar\u00e9 tem enfrentado um alarmante desmatamento, sendo considerada uma das \u00e1reas mais afetadas da Amaz\u00f4nia Legal. Entre 2021 e 2024, a devasta\u00e7\u00e3o cresceu 729%, conforme indicado no relat\u00f3rio &#039;Cartografias da Viol\u00eancia na Amaz\u00f4nia 2025&#039;. O principal motor desse desmatamento \u00e9 a expans\u00e3o do garimpo ilegal, que j\u00e1 devastou mais de tr\u00eas mil hectares do territ\u00f3rio.<\/p>\n\n\n\n<h2 class=\"wp-block-heading\">Conflitos e Destrui\u00e7\u00e3o na Regi\u00e3o<\/h2>\n\n\n\n<p>A presen\u00e7a de aproximadamente dois mil garimpeiros e membros de fac\u00e7\u00f5es criminosas dentro da Terra Ind\u00edgena Sarar\u00e9 tem gerado conflitos armados e intensificado a viol\u00eancia na regi\u00e3o. Desde 2023, cerca de 460 escavadeiras foram desativadas em opera\u00e7\u00f5es de fiscaliza\u00e7\u00e3o, com mais de 160 destru\u00eddas apenas nos \u00faltimos dois meses. As for\u00e7as de seguran\u00e7a t\u00eam intensificado as a\u00e7\u00f5es para combater a explora\u00e7\u00e3o ilegal, resultando na destrui\u00e7\u00e3o de infraestruturas utilizadas para apoiar essas atividades.<\/p>\n\n\n\n<h2 class=\"wp-block-heading\">Opera\u00e7\u00f5es da Pol\u00edcia Federal<\/h2>\n\n\n\n<p>A Pol\u00edcia Federal tamb\u00e9m tem realizado investiga\u00e7\u00f5es na \u00e1rea, incluindo a apreens\u00e3o de diesel destinado ao garimpo. Em janeiro, um motorista foi detido ao tentar transportar mil litros de combust\u00edvel para a regi\u00e3o. A PF investiga uma fazenda local suspeita de armazenar grandes quantidades de diesel para abastecer as atividades ilegais, levantando suspeitas sobre a movimenta\u00e7\u00e3o de mais de quatro milh\u00f5es de litros de combust\u00edvel em 21 meses.<\/p>\n\n\n\n<h2 class=\"wp-block-heading\">Conclus\u00e3o<\/h2>\n\n\n\n<p>A recente apreens\u00e3o de diesel destinado ao garimpo ilegal na Terra Ind\u00edgena Sarar\u00e9 destaca a necessidade urgente de a\u00e7\u00f5es mais eficazes para combater a explora\u00e7\u00e3o ilegal e proteger os direitos dos povos ind\u00edgenas. Com a crescente devasta\u00e7\u00e3o e os conflitos gerados por essa atividade criminosa, \u00e9 fundamental que as autoridades intensifiquem as fiscaliza\u00e7\u00f5es e promovam pol\u00edticas de prote\u00e7\u00e3o ambiental e social para a regi\u00e3o.<\/p>\n","protected":false},"excerpt":{"rendered":"<p>Na \u00faltima segunda-feira (9), a Pol\u00edcia Rodovi\u00e1ria Federal (PRF) fez uma significativa apreens\u00e3o de mais de 27 mil litros de \u00f3leo diesel em uma opera\u00e7\u00e3o na BR-174B, pr\u00f3ximo a Pontes e Lacerda, a 483 km de Cuiab\u00e1. O combust\u00edvel, que tinha como destino a Terra Ind\u00edgena Sarar\u00e9, seria utilizado para abastecer atividades de garimpo ilegal [&hellip;]<\/p>\n","protected":false},"author":4,"featured_media":8632,"comment_status":"open","ping_status":"open","sticky":false,"template":"","format":"standard","meta":{"footnotes":""},"categories":[360],"tags":[1111,2667,1272,1572,2663,2664,246,2666,2665],"class_list":["post-8627","post","type-post","status-publish","format-standard","has-post-thumbnail","hentry","category-tvmatogrosso","tag-amazonia","tag-ambiental","tag-conflitos","tag-desmatamento","tag-diesel","tag-garimpo","tag-policia-federal","tag-sarare","tag-terra-indigena"],"_links":{"self":[{"href":"https:\/\/www.7tvs.com.br\/7tvs\/wp-json\/wp\/v2\/posts\/8627","targetHints":{"allow":["GET"]}}],"collection":[{"href":"https:\/\/www.7tvs.com.br\/7tvs\/wp-json\/wp\/v2\/posts"}],"about":[{"href":"https:\/\/www.7tvs.com.br\/7tvs\/wp-json\/wp\/v2\/types\/post"}],"author":[{"embeddable":true,"href":"https:\/\/www.7tvs.com.br\/7tvs\/wp-json\/wp\/v2\/users\/4"}],"replies":[{"embeddable":true,"href":"https:\/\/www.7tvs.com.br\/7tvs\/wp-json\/wp\/v2\/comments?post=8627"}],"version-history":[{"count":0,"href":"https:\/\/www.7tvs.com.br\/7tvs\/wp-json\/wp\/v2\/posts\/8627\/revisions"}],"wp:featuredmedia":[{"embeddable":true,"href":"https:\/\/www.7tvs.com.br\/7tvs\/wp-json\/wp\/v2\/media\/8632"}],"wp:attachment":[{"href":"https:\/\/www.7tvs.com.br\/7tvs\/wp-json\/wp\/v2\/media?parent=8627"}],"wp:term":[{"taxonomy":"category","embeddable":true,"href":"https:\/\/www.7tvs.com.br\/7tvs\/wp-json\/wp\/v2\/categories?post=8627"},{"taxonomy":"post_tag","embeddable":true,"href":"https:\/\/www.7tvs.com.br\/7tvs\/wp-json\/wp\/v2\/tags?post=8627"}],"curies":[{"name":"wp","href":"https:\/\/api.w.org\/{rel}","templated":true}]}}