{"id":8615,"date":"2026-03-11T00:09:33","date_gmt":"2026-03-11T03:09:33","guid":{"rendered":"https:\/\/www.7tvs.com.br\/7tvs\/2026\/03\/11\/conflito-oriente-medio-combustiveis-mg\/"},"modified":"2026-03-11T00:09:33","modified_gmt":"2026-03-11T03:09:33","slug":"conflito-oriente-medio-combustiveis-mg","status":"publish","type":"post","link":"https:\/\/www.7tvs.com.br\/7tvs\/2026\/03\/11\/conflito-oriente-medio-combustiveis-mg\/","title":{"rendered":"Conflito no Oriente M\u00e9dio Impacta Abastecimento e Pre\u00e7o de Combust\u00edveis em Minas Gerais"},"content":{"rendered":"\n<p>A guerra no Oriente M\u00e9dio est\u00e1 gerando reflexos diretos no setor de combust\u00edveis em Minas Gerais. O Sindicato do Com\u00e9rcio Varejista de Derivados de Petr\u00f3leo no Estado (Minaspetro) alertou que a situa\u00e7\u00e3o j\u00e1 provoca escassez de abastecimento e eleva\u00e7\u00e3o nos pre\u00e7os dos combust\u00edveis no estado.<\/p>\n\n\n\n<h2 class=\"wp-block-heading\">Bloqueio no Estreito de Ormuz e Suas Consequ\u00eancias<\/h2>\n\n\n\n<p>O Estreito de Ormuz, por onde transita aproximadamente 20% do petr\u00f3leo comercializado globalmente, foi bloqueado pela Guarda Revolucion\u00e1ria do Ir\u00e3 em resposta a ataques realizados por Estados Unidos e Israel em seu territ\u00f3rio. Esta a\u00e7\u00e3o impactou significativamente o mercado internacional de combust\u00edveis, causando incertezas na oferta.<\/p>\n\n\n\n<h2 class=\"wp-block-heading\">Restri\u00e7\u00f5es de Abastecimento e Aumento de Pre\u00e7os<\/h2>\n\n\n\n<p>De acordo com informa\u00e7\u00f5es do Minaspetro, propriet\u00e1rios de postos relataram que a Vibra, subsidi\u00e1ria da Petrobras e a maior distribuidora de combust\u00edveis do Brasil, est\u00e1 limitando a distribui\u00e7\u00e3o de etanol, gasolina e diesel. Essa restri\u00e7\u00e3o vem se intensificando, o que levanta preocupa\u00e7\u00f5es sobre a capacidade dos postos de atender \u00e0 demanda dos consumidores.<\/p>\n\n\n\n<h2 class=\"wp-block-heading\">Investiga\u00e7\u00e3o sobre Aumento de Pre\u00e7os<\/h2>\n\n\n\n<p>O aumento nos pre\u00e7os dos combust\u00edveis j\u00e1 atraiu a aten\u00e7\u00e3o da Secretaria Nacional do Consumidor (Senacon). A pasta solicitou ao Conselho Administrativo de Defesa Econ\u00f4mica (Cade) que investigue as recentes altas, mesmo diante da estabilidade nos valores praticados pela Petrobras, a principal fornecedora nacional. Al\u00e9m do Minaspetro, outros sindicatos tamb\u00e9m relataram aumentos significativos nos \u00faltimos dias.<\/p>\n\n\n\n<h2 class=\"wp-block-heading\">Preocupa\u00e7\u00f5es do Setor e Monitoramento da Situa\u00e7\u00e3o<\/h2>\n\n\n\n<p>Em nota oficial, o Minaspetro expressou sua preocupa\u00e7\u00e3o com a discrep\u00e2ncia nos pre\u00e7os dos combust\u00edveis e com o repasse antecipado das distribuidoras. O sindicato se compromete a monitorar de perto a situa\u00e7\u00e3o e a atuar em defesa dos interesses dos consumidores e dos propriet\u00e1rios de postos.<\/p>\n\n\n\n<h2 class=\"wp-block-heading\">Contexto Mais Amplo<\/h2>\n\n\n\n<p>O cen\u00e1rio de instabilidade no Oriente M\u00e9dio n\u00e3o apenas afeta o abastecimento de combust\u00edveis, mas tamb\u00e9m impacta diversas \u00e1reas da economia. A situa\u00e7\u00e3o \u00e9 acompanhada com aten\u00e7\u00e3o, pois pode resultar em desdobramentos que v\u00e3o al\u00e9m da simples varia\u00e7\u00e3o nos pre\u00e7os dos combust\u00edveis, afetando a vida cotidiana dos cidad\u00e3os e o funcionamento de setores essenciais.<\/p>\n\n\n\n<p>Com os eventos em evolu\u00e7\u00e3o, \u00e9 fundamental que os consumidores permane\u00e7am informados sobre as mudan\u00e7as e as poss\u00edveis implica\u00e7\u00f5es que isso pode ter em suas rotinas.<\/p>\n","protected":false},"excerpt":{"rendered":"<p>A guerra no Oriente M\u00e9dio est\u00e1 gerando reflexos diretos no setor de combust\u00edveis em Minas Gerais. O Sindicato do Com\u00e9rcio Varejista de Derivados de Petr\u00f3leo no Estado (Minaspetro) alertou que a situa\u00e7\u00e3o j\u00e1 provoca escassez de abastecimento e eleva\u00e7\u00e3o nos pre\u00e7os dos combust\u00edveis no estado. Bloqueio no Estreito de Ormuz e Suas Consequ\u00eancias O Estreito [&hellip;]<\/p>\n","protected":false},"author":4,"featured_media":8626,"comment_status":"open","ping_status":"open","sticky":false,"template":"","format":"standard","meta":{"footnotes":""},"categories":[8],"tags":[199,950,2659,165,2661,1855,2067,2662,2660],"class_list":["post-8615","post","type-post","status-publish","format-standard","has-post-thumbnail","hentry","category-tvminasgerais","tag-economia","tag-abastecimento","tag-combustiveis","tag-minas-gerais","tag-minaspetro","tag-oriente-medio","tag-precos","tag-senacon","tag-vibra"],"_links":{"self":[{"href":"https:\/\/www.7tvs.com.br\/7tvs\/wp-json\/wp\/v2\/posts\/8615","targetHints":{"allow":["GET"]}}],"collection":[{"href":"https:\/\/www.7tvs.com.br\/7tvs\/wp-json\/wp\/v2\/posts"}],"about":[{"href":"https:\/\/www.7tvs.com.br\/7tvs\/wp-json\/wp\/v2\/types\/post"}],"author":[{"embeddable":true,"href":"https:\/\/www.7tvs.com.br\/7tvs\/wp-json\/wp\/v2\/users\/4"}],"replies":[{"embeddable":true,"href":"https:\/\/www.7tvs.com.br\/7tvs\/wp-json\/wp\/v2\/comments?post=8615"}],"version-history":[{"count":0,"href":"https:\/\/www.7tvs.com.br\/7tvs\/wp-json\/wp\/v2\/posts\/8615\/revisions"}],"wp:featuredmedia":[{"embeddable":true,"href":"https:\/\/www.7tvs.com.br\/7tvs\/wp-json\/wp\/v2\/media\/8626"}],"wp:attachment":[{"href":"https:\/\/www.7tvs.com.br\/7tvs\/wp-json\/wp\/v2\/media?parent=8615"}],"wp:term":[{"taxonomy":"category","embeddable":true,"href":"https:\/\/www.7tvs.com.br\/7tvs\/wp-json\/wp\/v2\/categories?post=8615"},{"taxonomy":"post_tag","embeddable":true,"href":"https:\/\/www.7tvs.com.br\/7tvs\/wp-json\/wp\/v2\/tags?post=8615"}],"curies":[{"name":"wp","href":"https:\/\/api.w.org\/{rel}","templated":true}]}}