{"id":8614,"date":"2026-03-11T00:09:14","date_gmt":"2026-03-11T03:09:14","guid":{"rendered":"https:\/\/www.7tvs.com.br\/7tvs\/2026\/03\/11\/delegada-denuncia-constrangimento\/"},"modified":"2026-03-11T00:09:14","modified_gmt":"2026-03-11T03:09:14","slug":"delegada-denuncia-constrangimento","status":"publish","type":"post","link":"https:\/\/www.7tvs.com.br\/7tvs\/2026\/03\/11\/delegada-denuncia-constrangimento\/","title":{"rendered":"Delegada Denuncia Constrangimento em Reuni\u00e3o com Secret\u00e1rio de Seguran\u00e7a do Maranh\u00e3o"},"content":{"rendered":"\n<p>Recentemente, a delegada da Pol\u00edcia Civil do Maranh\u00e3o, Viviane Fontenele, registrou um boletim de ocorr\u00eancia relatando epis\u00f3dios de constrangimento durante reuni\u00f5es com o secret\u00e1rio de Seguran\u00e7a P\u00fablica do Estado, Maur\u00edcio Ribeiro Martins. As acusa\u00e7\u00f5es geraram um debate sobre o comportamento profissional e a \u00e9tica nas rela\u00e7\u00f5es de trabalho no setor p\u00fablico.<\/p>\n\n\n\n<h2 class=\"wp-block-heading\">Detalhes do Relato da Delegada<\/h2>\n\n\n\n<p>O constrangimento relatado pela delegada ocorreu inicialmente em 2 de fevereiro, durante uma reuni\u00e3o com a alta c\u00fapula da seguran\u00e7a p\u00fablica. Viviane descreveu que o secret\u00e1rio fez coment\u00e1rios sobre sua apar\u00eancia, referindo-se a ela como a &#039;delegada mais bonita do Maranh\u00e3o&#039; e expressando que a observava desde seus tempos no Tribunal de Justi\u00e7a. A situa\u00e7\u00e3o se tornou desconfort\u00e1vel e, diante da insist\u00eancia do secret\u00e1rio em pedir uma foto sua para exibi\u00e7\u00e3o em seu gabinete, a delegada se sentiu compelida a se afastar.<\/p>\n\n\n\n<h2 class=\"wp-block-heading\">Repeti\u00e7\u00e3o do Comportamento e Oposi\u00e7\u00e3o ao Registro<\/h2>\n\n\n\n<p>Viviane confirmou que o comportamento inadequado do secret\u00e1rio se repetiu no dia seguinte, durante uma nova reuni\u00e3o. Com 17 anos de experi\u00eancia na pol\u00edcia e sendo ex-chefe do Departamento de Feminic\u00eddio, a delegada considerou registrar um boletim de ocorr\u00eancia imediatamente, mas foi desencorajada por um colega a n\u00e3o faz\u00ea-lo. No entanto, na semana que precedeu o Dia Internacional da Mulher, a delegada decidiu compartilhar suas reflex\u00f5es em um grupo de colegas, o que levou \u00e0 divulga\u00e7\u00e3o de seu relato.<\/p>\n\n\n\n<h2 class=\"wp-block-heading\">Resposta do Secret\u00e1rio de Seguran\u00e7a<\/h2>\n\n\n\n<p>Em resposta \u00e0s acusa\u00e7\u00f5es, o secret\u00e1rio Maur\u00edcio Martins se manifestou por meio de uma nota nas redes sociais, negando qualquer conduta impr\u00f3pria e enfatizando que sua postura sempre foi \u00e9tica e respeitosa em reuni\u00f5es. Ele solicitou uma apura\u00e7\u00e3o rigorosa dos fatos e afirmou que nunca adotou comportamentos desrespeitosos, destacando que suas refer\u00eancias \u00e0 delegada foram meramente elogiosas.<\/p>\n\n\n\n<h2 class=\"wp-block-heading\">Rea\u00e7\u00f5es de Entidades e Ativistas<\/h2>\n\n\n\n<p>A situa\u00e7\u00e3o gerou rea\u00e7\u00f5es de diversas entidades. A Associa\u00e7\u00e3o dos Delegados de Pol\u00edcia Civil do Maranh\u00e3o expressou preocupa\u00e7\u00e3o com as alega\u00e7\u00f5es, sublinhando que coment\u00e1rios de natureza pessoal s\u00e3o inadequados no ambiente p\u00fablico. Al\u00e9m disso, o F\u00f3rum Maranhense de Mulheres e ativistas de direitos das mulheres destacaram que o caso \u00e9 sintoma de uma cultura de machismo e viol\u00eancia institucional que persiste na sociedade.<\/p>\n\n\n\n<h2 class=\"wp-block-heading\">Conclus\u00e3o<\/h2>\n\n\n\n<p>O epis\u00f3dio envolvendo a delegada Viviane Fontenele e o secret\u00e1rio Maur\u00edcio Martins levanta quest\u00f5es importantes sobre o respeito e a \u00e9tica nas rela\u00e7\u00f5es de trabalho, especialmente em ambientes predominantemente masculinos. \u00c0 medida que a discuss\u00e3o avan\u00e7a, espera-se que a\u00e7\u00f5es concretas sejam tomadas para promover um ambiente de trabalho mais seguro e respeitoso para todos, especialmente para as mulheres que desempenham pap\u00e9is cruciais na seguran\u00e7a p\u00fablica.<\/p>\n","protected":false},"excerpt":{"rendered":"<p>Recentemente, a delegada da Pol\u00edcia Civil do Maranh\u00e3o, Viviane Fontenele, registrou um boletim de ocorr\u00eancia relatando epis\u00f3dios de constrangimento durante reuni\u00f5es com o secret\u00e1rio de Seguran\u00e7a P\u00fablica do Estado, Maur\u00edcio Ribeiro Martins. As acusa\u00e7\u00f5es geraram um debate sobre o comportamento profissional e a \u00e9tica nas rela\u00e7\u00f5es de trabalho no setor p\u00fablico. Detalhes do Relato da [&hellip;]<\/p>\n","protected":false},"author":4,"featured_media":8624,"comment_status":"open","ping_status":"open","sticky":false,"template":"","format":"standard","meta":{"footnotes":""},"categories":[358],"tags":[347,332,2658,2657,633,1240,492,637],"class_list":["post-8614","post","type-post","status-publish","format-standard","has-post-thumbnail","hentry","category-tvmaranhao","tag-mulheres","tag-policia","tag-constrangimento","tag-delegada","tag-direitos","tag-etica","tag-maranhao","tag-seguranca"],"_links":{"self":[{"href":"https:\/\/www.7tvs.com.br\/7tvs\/wp-json\/wp\/v2\/posts\/8614","targetHints":{"allow":["GET"]}}],"collection":[{"href":"https:\/\/www.7tvs.com.br\/7tvs\/wp-json\/wp\/v2\/posts"}],"about":[{"href":"https:\/\/www.7tvs.com.br\/7tvs\/wp-json\/wp\/v2\/types\/post"}],"author":[{"embeddable":true,"href":"https:\/\/www.7tvs.com.br\/7tvs\/wp-json\/wp\/v2\/users\/4"}],"replies":[{"embeddable":true,"href":"https:\/\/www.7tvs.com.br\/7tvs\/wp-json\/wp\/v2\/comments?post=8614"}],"version-history":[{"count":0,"href":"https:\/\/www.7tvs.com.br\/7tvs\/wp-json\/wp\/v2\/posts\/8614\/revisions"}],"wp:featuredmedia":[{"embeddable":true,"href":"https:\/\/www.7tvs.com.br\/7tvs\/wp-json\/wp\/v2\/media\/8624"}],"wp:attachment":[{"href":"https:\/\/www.7tvs.com.br\/7tvs\/wp-json\/wp\/v2\/media?parent=8614"}],"wp:term":[{"taxonomy":"category","embeddable":true,"href":"https:\/\/www.7tvs.com.br\/7tvs\/wp-json\/wp\/v2\/categories?post=8614"},{"taxonomy":"post_tag","embeddable":true,"href":"https:\/\/www.7tvs.com.br\/7tvs\/wp-json\/wp\/v2\/tags?post=8614"}],"curies":[{"name":"wp","href":"https:\/\/api.w.org\/{rel}","templated":true}]}}