{"id":8608,"date":"2026-03-11T00:06:50","date_gmt":"2026-03-11T03:06:50","guid":{"rendered":"https:\/\/www.7tvs.com.br\/7tvs\/2026\/03\/11\/pacto-historico-representacao-feminina\/"},"modified":"2026-03-11T00:06:50","modified_gmt":"2026-03-11T03:06:50","slug":"pacto-historico-representacao-feminina","status":"publish","type":"post","link":"https:\/\/www.7tvs.com.br\/7tvs\/2026\/03\/11\/pacto-historico-representacao-feminina\/","title":{"rendered":"Pacto Hist\u00f3rico: O Avan\u00e7o da Representa\u00e7\u00e3o Feminina no Senado Colombiano"},"content":{"rendered":"\n<p>As elei\u00e7\u00f5es legislativas de 8 de mar\u00e7o na Col\u00f4mbia marcaram um momento significativo para a representa\u00e7\u00e3o feminina na pol\u00edtica do pa\u00eds. O Pacto Hist\u00f3rico, uma coliga\u00e7\u00e3o de partidos progressistas, emergiu como o partido com a maior presen\u00e7a de mulheres no Senado, conquistando 25 cadeiras, das quais 13 ser\u00e3o ocupadas por senadoras.<\/p>\n\n\n\n<h2 class=\"wp-block-heading\">Representatividade Feminina no Senado<\/h2>\n\n\n\n<p>Com uma impressionante taxa de 43,3% das mulheres eleitas pertencendo ao Pacto Hist\u00f3rico, a coliga\u00e7\u00e3o se consolidou como a for\u00e7a pol\u00edtica com a maior participa\u00e7\u00e3o feminina. Essa conquista n\u00e3o apenas destaca a crescente relev\u00e2ncia das mulheres na pol\u00edtica colombiana, mas tamb\u00e9m reflete um esfor\u00e7o mais amplo por igualdade de g\u00eanero em um ambiente tradicionalmente dominado por homens.<\/p>\n\n\n\n<h2 class=\"wp-block-heading\">Senadoras Eleitas e Seus Pap\u00e9is<\/h2>\n\n\n\n<p>As senadoras do Pacto Hist\u00f3rico que assumir\u00e3o seus cargos incluem figuras proeminentes como Carolina Corcho, Aida Yolanda Avella Esquivel e Yuly Esmeralda Hern\u00e1ndez Silva. Essas representantes trar\u00e3o diferentes perspectivas e experi\u00eancias para o Senado, contribuindo para um debate mais inclusivo e diversificado.<\/p>\n\n\n\n<h2 class=\"wp-block-heading\">Desafios Persistentes na Pol\u00edtica Colombiana<\/h2>\n\n\n\n<p>Apesar dos avan\u00e7os, a sub-representa\u00e7\u00e3o feminina continua a ser um desafio significativo. Para o per\u00edodo legislativo de 2026-2030, estima-se que as mulheres ocupar\u00e3o aproximadamente 30% das cadeiras no Senado, evidenciando a necessidade de um compromisso mais profundo com a igualdade de g\u00eanero na pol\u00edtica.<\/p>\n\n\n\n<h2 class=\"wp-block-heading\">Comparativo com Outros Partidos<\/h2>\n\n\n\n<p>Entre os partidos tradicionais, a presen\u00e7a feminina \u00e9 notavelmente inferior. O Centro Democr\u00e1tico, liderado pelo ex-presidente \u00c1lvaro Uribe, e o Partido Liberal, com representantes como Mar\u00eda Eugenia Lopera, mostram uma diversidade limitada no que diz respeito \u00e0 representa\u00e7\u00e3o feminina. O Partido Conservador, por sua vez, contar\u00e1 apenas com duas mulheres em sua bancada.<\/p>\n\n\n\n<h2 class=\"wp-block-heading\">Participa\u00e7\u00e3o Limitada em Alguns Grupos<\/h2>\n\n\n\n<p>Alguns partidos demonstraram uma dr\u00e1stica sub-representa\u00e7\u00e3o feminina. A Alianza por Colombia ter\u00e1 somente uma representante, Andrea Padilla Villarraga, enquanto o Cambio Radical n\u00e3o contar\u00e1 com nenhuma mulher no Senado na pr\u00f3xima legislatura. Esses dados destacam a disparidade na representa\u00e7\u00e3o de g\u00eanero entre diferentes grupos pol\u00edticos.<\/p>\n\n\n\n<h2 class=\"wp-block-heading\">Outras Iniciativas e Representa\u00e7\u00f5es<\/h2>\n\n\n\n<p>Al\u00e9m do Pacto Hist\u00f3rico, outras alian\u00e7as tamb\u00e9m asseguraram a presen\u00e7a feminina. O movimento Ahora Col\u00f4mbia e o Movimento Salva\u00e7\u00e3o Nacional elegeram diversas mulheres, como Ana Paola Agudelo e Sara Jimena Castellanos Rodr\u00edguez, contribuindo para um panorama mais inclusivo na pol\u00edtica colombiana.<\/p>\n\n\n\n<h2 class=\"wp-block-heading\">Conclus\u00e3o<\/h2>\n\n\n\n<p>O Pacto Hist\u00f3rico se destaca por sua significativa representa\u00e7\u00e3o feminina no Senado colombiano, refletindo uma mudan\u00e7a positiva na din\u00e2mica pol\u00edtica do pa\u00eds. Contudo, a luta pela igualdade de g\u00eanero ainda \u00e9 uma realidade a ser enfrentada, e a baixa representa\u00e7\u00e3o em outros partidos ressalta a necessidade de um esfor\u00e7o coletivo para garantir que as vozes femininas sejam ouvidas e respeitadas na esfera pol\u00edtica.<\/p>\n","protected":false},"excerpt":{"rendered":"<p>As elei\u00e7\u00f5es legislativas de 8 de mar\u00e7o na Col\u00f4mbia marcaram um momento significativo para a representa\u00e7\u00e3o feminina na pol\u00edtica do pa\u00eds. O Pacto Hist\u00f3rico, uma coliga\u00e7\u00e3o de partidos progressistas, emergiu como o partido com a maior presen\u00e7a de mulheres no Senado, conquistando 25 cadeiras, das quais 13 ser\u00e3o ocupadas por senadoras. Representatividade Feminina no Senado [&hellip;]<\/p>\n","protected":false},"author":4,"featured_media":8622,"comment_status":"open","ping_status":"open","sticky":false,"template":"","format":"standard","meta":{"footnotes":""},"categories":[10],"tags":[1849,2652,2656,2654,2655],"class_list":["post-8608","post","type-post","status-publish","format-standard","has-post-thumbnail","hentry","category-internacional","tag-igualdade-de-genero","tag-pacto-historico","tag-politica-colombiana","tag-representacao-feminina","tag-senado-colombiano"],"_links":{"self":[{"href":"https:\/\/www.7tvs.com.br\/7tvs\/wp-json\/wp\/v2\/posts\/8608","targetHints":{"allow":["GET"]}}],"collection":[{"href":"https:\/\/www.7tvs.com.br\/7tvs\/wp-json\/wp\/v2\/posts"}],"about":[{"href":"https:\/\/www.7tvs.com.br\/7tvs\/wp-json\/wp\/v2\/types\/post"}],"author":[{"embeddable":true,"href":"https:\/\/www.7tvs.com.br\/7tvs\/wp-json\/wp\/v2\/users\/4"}],"replies":[{"embeddable":true,"href":"https:\/\/www.7tvs.com.br\/7tvs\/wp-json\/wp\/v2\/comments?post=8608"}],"version-history":[{"count":0,"href":"https:\/\/www.7tvs.com.br\/7tvs\/wp-json\/wp\/v2\/posts\/8608\/revisions"}],"wp:featuredmedia":[{"embeddable":true,"href":"https:\/\/www.7tvs.com.br\/7tvs\/wp-json\/wp\/v2\/media\/8622"}],"wp:attachment":[{"href":"https:\/\/www.7tvs.com.br\/7tvs\/wp-json\/wp\/v2\/media?parent=8608"}],"wp:term":[{"taxonomy":"category","embeddable":true,"href":"https:\/\/www.7tvs.com.br\/7tvs\/wp-json\/wp\/v2\/categories?post=8608"},{"taxonomy":"post_tag","embeddable":true,"href":"https:\/\/www.7tvs.com.br\/7tvs\/wp-json\/wp\/v2\/tags?post=8608"}],"curies":[{"name":"wp","href":"https:\/\/api.w.org\/{rel}","templated":true}]}}