{"id":8606,"date":"2026-03-11T00:06:43","date_gmt":"2026-03-11T03:06:43","guid":{"rendered":"https:\/\/www.7tvs.com.br\/7tvs\/2026\/03\/11\/pacto-historico-senadoras-colombia\/"},"modified":"2026-03-11T00:06:43","modified_gmt":"2026-03-11T03:06:43","slug":"pacto-historico-senadoras-colombia","status":"publish","type":"post","link":"https:\/\/www.7tvs.com.br\/7tvs\/2026\/03\/11\/pacto-historico-senadoras-colombia\/","title":{"rendered":"Pacto Hist\u00f3rico se Destaca com 13 Senadoras Eleitas na Col\u00f4mbia"},"content":{"rendered":"\n<p>As elei\u00e7\u00f5es legislativas da Col\u00f4mbia, realizadas em 8 de mar\u00e7o, resultaram em uma significativa vit\u00f3ria para o Pacto Hist\u00f3rico, que se consolidou como o partido com a maior representa\u00e7\u00e3o feminina no Senado. A coliga\u00e7\u00e3o, que obteve 25 cadeiras na C\u00e2mara Alta, conquistou 13 delas para mulheres, estabelecendo um marco in\u00e9dito ao se tornar o \u00fanico partido com maioria feminina na Casa.<\/p>\n\n\n\n<h2 class=\"wp-block-heading\">Representatividade Feminina em N\u00fameros<\/h2>\n\n\n\n<p>Com base nos dados eleitorais, impressionantes 43,3% das mulheres eleitas para o Senado pertencem ao Pacto Hist\u00f3rico. Essa estat\u00edstica ressalta o papel crucial da for\u00e7a pol\u00edtica de esquerda na promo\u00e7\u00e3o da participa\u00e7\u00e3o feminina, destacando a necessidade cont\u00ednua de avan\u00e7os nesse campo.<\/p>\n\n\n\n<h2 class=\"wp-block-heading\">As Novas Senadoras do Pacto Hist\u00f3rico<\/h2>\n\n\n\n<p>As senadoras que representar\u00e3o o Pacto Hist\u00f3rico s\u00e3o Carolina Corcho, Carmen Patricia Caicedo Omar, Laura Cristina Ahumada Garc\u00eda, Aida Yolanda Avella Esquivel, Yuly Esmeralda Hern\u00e1ndez Silva, Sandra Claudia Chindoy, Mar\u00eda Eugenia Londo\u00f1o Ocampo, Kamelia Edith Zuluaga Navarro, Yaini Isabel Contreras, Isabel Cristina Zuleta, Deisy Johana Osorio M\u00e1rquez, Deicy Alejandra Oma\u00f1a Ortiz (conhecida como Amaranta Hank) e Mary Jurado Palomino. Essa diversidade de novas vozes promete trazer uma nova perspectiva \u00e0s discuss\u00f5es no Senado.<\/p>\n\n\n\n<h2 class=\"wp-block-heading\">Desafios da Representa\u00e7\u00e3o Feminina<\/h2>\n\n\n\n<p>Apesar do avan\u00e7o significativo, as mulheres ainda enfrentam desafios consider\u00e1veis na pol\u00edtica colombiana. Para o per\u00edodo legislativo de 2026-2030, estima-se que elas ocupar\u00e3o cerca de 30% das cadeiras no Senado, evidenciando a persistente desigualdade de g\u00eanero nas esferas de poder.<\/p>\n\n\n\n<h2 class=\"wp-block-heading\">Representa\u00e7\u00e3o Feminina em Outros Partidos<\/h2>\n\n\n\n<p>Entre os partidos tradicionais, a representa\u00e7\u00e3o feminina \u00e9 notavelmente inferior. O Centro Democr\u00e1tico, liderado pelo ex-presidente \u00c1lvaro Uribe, elegeu cinco mulheres: Claudia Margarita Zuleta Murgas, Julia Correa Nuttin, Mar\u00eda Clara Posada Caicedo, Mar\u00eda Ang\u00e9lica Guerra L\u00f3pez e Zandra Mar\u00eda Bernal Rico. O Partido Liberal tamb\u00e9m ter\u00e1 mulheres em sua bancada, incluindo Mar\u00eda Eugenia Lopera, Alix Yirley Vargas Torrado e Laura Ester Fortich S\u00e1nchez.<\/p>\n\n\n\n<h2 class=\"wp-block-heading\">Participa\u00e7\u00e3o Limitada em Algumas For\u00e7as Pol\u00edticas<\/h2>\n\n\n\n<p>Por outro lado, partidos como a Alianza por Colombia e o Cambio Radical demonstraram uma participa\u00e7\u00e3o feminina bastante reduzida. A Alianza contar\u00e1 apenas com a representa\u00e7\u00e3o de Andrea Padilla Villarraga, enquanto o Cambio Radical n\u00e3o ter\u00e1 mulheres no Senado durante a pr\u00f3xima legislatura. Essa situa\u00e7\u00e3o reflete a necessidade de maior inclus\u00e3o e diversidade nas escolhas eleitorais.<\/p>\n\n\n\n<h2 class=\"wp-block-heading\">Outras For\u00e7as e a Inclus\u00e3o Feminina<\/h2>\n\n\n\n<p>Outros grupos pol\u00edticos tamb\u00e9m se destacaram por garantir representa\u00e7\u00e3o feminina. Na alian\u00e7a Ahora Col\u00f4mbia, composta pelo Movimento Independente de Renova\u00e7\u00e3o Absoluta (MIRA) e pelo Movimento Dignidade, foram eleitas Ana Paola Agudelo, Jennifer Pedraza e Mar\u00eda Luc\u00eda Villalba. Al\u00e9m disso, Sara Jimena Castellanos Rodr\u00edguez fez hist\u00f3ria ao ser eleita pelo Movimento Salva\u00e7\u00e3o Nacional, ampliando ainda mais a presen\u00e7a feminina no Senado.<\/p>\n\n\n\n<h2 class=\"wp-block-heading\">Conclus\u00e3o<\/h2>\n\n\n\n<p>O Pacto Hist\u00f3rico, ao elevar a participa\u00e7\u00e3o feminina a um novo patamar, n\u00e3o apenas reflete o desejo de mudan\u00e7a na pol\u00edtica colombiana, mas tamb\u00e9m estabelece um exemplo a ser seguido por outras for\u00e7as pol\u00edticas. Enquanto desafios permanecem, a crescente presen\u00e7a de mulheres no Senado \u00e9 um passo importante rumo \u00e0 equidade de g\u00eanero e \u00e0 representa\u00e7\u00e3o justa de todos os segmentos da sociedade.<\/p>\n","protected":false},"excerpt":{"rendered":"<p>As elei\u00e7\u00f5es legislativas da Col\u00f4mbia, realizadas em 8 de mar\u00e7o, resultaram em uma significativa vit\u00f3ria para o Pacto Hist\u00f3rico, que se consolidou como o partido com a maior representa\u00e7\u00e3o feminina no Senado. A coliga\u00e7\u00e3o, que obteve 25 cadeiras na C\u00e2mara Alta, conquistou 13 delas para mulheres, estabelecendo um marco in\u00e9dito ao se tornar o \u00fanico [&hellip;]<\/p>\n","protected":false},"author":4,"featured_media":0,"comment_status":"open","ping_status":"open","sticky":false,"template":"","format":"standard","meta":{"footnotes":""},"categories":[10],"tags":[1749,2652,160,256,2653],"class_list":["post-8606","post","type-post","status-publish","format-standard","hentry","category-internacional","tag-colombia","tag-pacto-historico","tag-politica","tag-representatividade","tag-senadoras"],"_links":{"self":[{"href":"https:\/\/www.7tvs.com.br\/7tvs\/wp-json\/wp\/v2\/posts\/8606","targetHints":{"allow":["GET"]}}],"collection":[{"href":"https:\/\/www.7tvs.com.br\/7tvs\/wp-json\/wp\/v2\/posts"}],"about":[{"href":"https:\/\/www.7tvs.com.br\/7tvs\/wp-json\/wp\/v2\/types\/post"}],"author":[{"embeddable":true,"href":"https:\/\/www.7tvs.com.br\/7tvs\/wp-json\/wp\/v2\/users\/4"}],"replies":[{"embeddable":true,"href":"https:\/\/www.7tvs.com.br\/7tvs\/wp-json\/wp\/v2\/comments?post=8606"}],"version-history":[{"count":0,"href":"https:\/\/www.7tvs.com.br\/7tvs\/wp-json\/wp\/v2\/posts\/8606\/revisions"}],"wp:attachment":[{"href":"https:\/\/www.7tvs.com.br\/7tvs\/wp-json\/wp\/v2\/media?parent=8606"}],"wp:term":[{"taxonomy":"category","embeddable":true,"href":"https:\/\/www.7tvs.com.br\/7tvs\/wp-json\/wp\/v2\/categories?post=8606"},{"taxonomy":"post_tag","embeddable":true,"href":"https:\/\/www.7tvs.com.br\/7tvs\/wp-json\/wp\/v2\/tags?post=8606"}],"curies":[{"name":"wp","href":"https:\/\/api.w.org\/{rel}","templated":true}]}}