{"id":8605,"date":"2026-03-11T00:06:29","date_gmt":"2026-03-11T03:06:29","guid":{"rendered":"https:\/\/www.7tvs.com.br\/7tvs\/2026\/03\/11\/caminhada-penitencia-salvador-2\/"},"modified":"2026-03-11T00:06:29","modified_gmt":"2026-03-11T03:06:29","slug":"caminhada-penitencia-salvador-2","status":"publish","type":"post","link":"https:\/\/www.7tvs.com.br\/7tvs\/2026\/03\/11\/caminhada-penitencia-salvador-2\/","title":{"rendered":"Caminhada da Penit\u00eancia em Salvador: Quatro D\u00e9cadas de F\u00e9 e Tradi\u00e7\u00e3o"},"content":{"rendered":"\n<p>No terceiro domingo da Quaresma, Salvador se encheu de devo\u00e7\u00e3o e espiritualidade com a realiza\u00e7\u00e3o da Caminhada da Penit\u00eancia. Este evento, que j\u00e1 se consolidou como uma das maiores express\u00f5es de f\u00e9 na capital baiana, atraiu milhares de participantes, que se uniram em um momento de reflex\u00e3o e renova\u00e7\u00e3o espiritual.<\/p>\n\n\n\n<h2 class=\"wp-block-heading\">Quarenta Anos de Tradi\u00e7\u00e3o<\/h2>\n\n\n\n<p>Com um legado que ultrapassa quatro d\u00e9cadas, a Caminhada da Penit\u00eancia se tornou um s\u00edmbolo da religiosidade em Salvador. Iniciada como uma pequena reuni\u00e3o de fi\u00e9is, a caminhada cresceu ao longo dos anos, transformando-se em uma manifesta\u00e7\u00e3o que une pessoas de diversas idades e origens em busca de espiritualidade e conex\u00e3o com a f\u00e9.<\/p>\n\n\n\n<h2 class=\"wp-block-heading\">O Percurso da Caminhada<\/h2>\n\n\n\n<p>Durante a caminhada, os participantes percorrem um trajeto significativo que abrange pontos emblem\u00e1ticos da cidade. O caminho n\u00e3o \u00e9 apenas f\u00edsico, mas tamb\u00e9m espiritual, permitindo que os fi\u00e9is reflitam sobre suas vidas e suas cren\u00e7as. O evento \u00e9 marcado por momentos de ora\u00e7\u00e3o, c\u00e2nticos e a presen\u00e7a de l\u00edderes religiosos que guiam os participantes em suas reflex\u00f5es.<\/p>\n\n\n\n<h2 class=\"wp-block-heading\">Um Encontro de Comunidade<\/h2>\n\n\n\n<p>Este evento n\u00e3o \u00e9 apenas uma celebra\u00e7\u00e3o individual, mas um verdadeiro encontro comunit\u00e1rio. As fam\u00edlias se re\u00fanem, amigos se encontram, e um sentimento de uni\u00e3o permeia o ar. A Caminhada da Penit\u00eancia oferece um espa\u00e7o seguro para que as pessoas compartilhem suas experi\u00eancias e fortale\u00e7am seus la\u00e7os sociais, tudo isso enquanto buscam um prop\u00f3sito maior.<\/p>\n\n\n\n<h2 class=\"wp-block-heading\">Impacto Cultural e Social<\/h2>\n\n\n\n<p>Al\u00e9m de seu significado religioso, a Caminhada da Penit\u00eancia tamb\u00e9m tem um impacto cultural e social significativo. O evento atrai n\u00e3o apenas os devotos, mas tamb\u00e9m turistas e aqueles que buscam conhecer mais sobre as tradi\u00e7\u00f5es locais. Essa intera\u00e7\u00e3o enriquece o patrim\u00f4nio cultural de Salvador, promovendo o respeito e a valoriza\u00e7\u00e3o das diversas express\u00f5es de f\u00e9 existentes na cidade.<\/p>\n\n\n\n<h2 class=\"wp-block-heading\">Conclus\u00e3o<\/h2>\n\n\n\n<p>A Caminhada da Penit\u00eancia, ao celebrar seus 40 anos, reafirma a import\u00e2ncia da f\u00e9 na vida dos soteropolitanos. Este evento, que transcende a mera religiosidade, representa uma oportunidade de reflex\u00e3o e renova\u00e7\u00e3o, fortalecendo a comunidade e perpetuando tradi\u00e7\u00f5es que fazem parte da identidade cultural de Salvador. Com cada passo dado, os fi\u00e9is n\u00e3o apenas caminham, mas tamb\u00e9m fortalecem sua conex\u00e3o com a espiritualidade e uns com os outros.<\/p>\n","protected":false},"excerpt":{"rendered":"<p>No terceiro domingo da Quaresma, Salvador se encheu de devo\u00e7\u00e3o e espiritualidade com a realiza\u00e7\u00e3o da Caminhada da Penit\u00eancia. Este evento, que j\u00e1 se consolidou como uma das maiores express\u00f5es de f\u00e9 na capital baiana, atraiu milhares de participantes, que se uniram em um momento de reflex\u00e3o e renova\u00e7\u00e3o espiritual. Quarenta Anos de Tradi\u00e7\u00e3o Com [&hellip;]<\/p>\n","protected":false},"author":4,"featured_media":8621,"comment_status":"open","ping_status":"open","sticky":false,"template":"","format":"standard","meta":{"footnotes":""},"categories":[393],"tags":[2650,654,659,703,1831,428,1568,1832],"class_list":["post-8605","post","type-post","status-publish","format-standard","has-post-thumbnail","hentry","category-religiao","tag-caminhada","tag-comunidade","tag-cultura","tag-espiritualidade","tag-fe","tag-quaresma","tag-salvador","tag-tradicao"],"_links":{"self":[{"href":"https:\/\/www.7tvs.com.br\/7tvs\/wp-json\/wp\/v2\/posts\/8605","targetHints":{"allow":["GET"]}}],"collection":[{"href":"https:\/\/www.7tvs.com.br\/7tvs\/wp-json\/wp\/v2\/posts"}],"about":[{"href":"https:\/\/www.7tvs.com.br\/7tvs\/wp-json\/wp\/v2\/types\/post"}],"author":[{"embeddable":true,"href":"https:\/\/www.7tvs.com.br\/7tvs\/wp-json\/wp\/v2\/users\/4"}],"replies":[{"embeddable":true,"href":"https:\/\/www.7tvs.com.br\/7tvs\/wp-json\/wp\/v2\/comments?post=8605"}],"version-history":[{"count":0,"href":"https:\/\/www.7tvs.com.br\/7tvs\/wp-json\/wp\/v2\/posts\/8605\/revisions"}],"wp:featuredmedia":[{"embeddable":true,"href":"https:\/\/www.7tvs.com.br\/7tvs\/wp-json\/wp\/v2\/media\/8621"}],"wp:attachment":[{"href":"https:\/\/www.7tvs.com.br\/7tvs\/wp-json\/wp\/v2\/media?parent=8605"}],"wp:term":[{"taxonomy":"category","embeddable":true,"href":"https:\/\/www.7tvs.com.br\/7tvs\/wp-json\/wp\/v2\/categories?post=8605"},{"taxonomy":"post_tag","embeddable":true,"href":"https:\/\/www.7tvs.com.br\/7tvs\/wp-json\/wp\/v2\/tags?post=8605"}],"curies":[{"name":"wp","href":"https:\/\/api.w.org\/{rel}","templated":true}]}}