{"id":8604,"date":"2026-03-11T00:06:20","date_gmt":"2026-03-11T03:06:20","guid":{"rendered":"https:\/\/www.7tvs.com.br\/7tvs\/2026\/03\/11\/caminhada-penitencia-salvador\/"},"modified":"2026-03-11T00:06:20","modified_gmt":"2026-03-11T03:06:20","slug":"caminhada-penitencia-salvador","status":"publish","type":"post","link":"https:\/\/www.7tvs.com.br\/7tvs\/2026\/03\/11\/caminhada-penitencia-salvador\/","title":{"rendered":"Caminhada da Penit\u00eancia em Salvador: Quatro D\u00e9cadas de F\u00e9 e Tradi\u00e7\u00e3o"},"content":{"rendered":"\n<p>Neste terceiro domingo da Quaresma, a cidade de Salvador foi palco de uma emocionante celebra\u00e7\u00e3o religiosa: a Caminhada da Penit\u00eancia. Este evento, que atraiu milhares de fi\u00e9is, marca uma das mais significativas express\u00f5es de devo\u00e7\u00e3o e espiritualidade da comunidade baiana.<\/p>\n\n\n\n<h2 class=\"wp-block-heading\">Hist\u00f3ria da Caminhada da Penit\u00eancia<\/h2>\n\n\n\n<p>Com uma trajet\u00f3ria que se estende por mais de 40 anos, a Caminhada da Penit\u00eancia se consolidou como uma tradi\u00e7\u00e3o profundamente enraizada na cultura local. Originada como uma forma de penit\u00eancia e reflex\u00e3o, a caminhada se transformou em um s\u00edmbolo de f\u00e9 e uni\u00e3o entre os participantes.<\/p>\n\n\n\n<h2 class=\"wp-block-heading\">A Celebra\u00e7\u00e3o e a Participa\u00e7\u00e3o Popular<\/h2>\n\n\n\n<p>Este ano, a Caminhada reuniu uma multid\u00e3o de devotos que se deslocaram pelas ruas da capital, demonstrando a for\u00e7a da f\u00e9 coletiva. Os participantes, muitos vestidos com camisetas brancas, entoaram c\u00e2nticos e ora\u00e7\u00f5es, criando um ambiente de intensa espiritualidade e reflex\u00e3o.<\/p>\n\n\n\n<h2 class=\"wp-block-heading\">Impacto na Comunidade<\/h2>\n\n\n\n<p>Al\u00e9m de seu significado religioso, a Caminhada da Penit\u00eancia tamb\u00e9m desempenha um papel importante na promo\u00e7\u00e3o de valores de solidariedade e comunidade. Durante o evento, muitos participantes se uniram para ajudar os necessitados, refor\u00e7ando o esp\u00edrito de caridade e compaix\u00e3o que caracteriza a Quaresma.<\/p>\n\n\n\n<h2 class=\"wp-block-heading\">Expectativas para o Futuro<\/h2>\n\n\n\n<p>Com o sucesso desta edi\u00e7\u00e3o, a expectativa \u00e9 que a Caminhada da Penit\u00eancia continue a crescer e a atrair ainda mais fi\u00e9is nos pr\u00f3ximos anos. A tradi\u00e7\u00e3o se fortalece a cada nova celebra\u00e7\u00e3o, garantindo que essa manifesta\u00e7\u00e3o de f\u00e9 permane\u00e7a viva e relevante na hist\u00f3ria de Salvador.<\/p>\n\n\n\n<h2 class=\"wp-block-heading\">Conclus\u00e3o<\/h2>\n\n\n\n<p>A Caminhada da Penit\u00eancia n\u00e3o \u00e9 apenas um evento religioso, mas uma verdadeira manifesta\u00e7\u00e3o da cultura e da identidade de Salvador. Ao longo de quatro d\u00e9cadas, essa tradi\u00e7\u00e3o tem servido como um poderoso lembrete da import\u00e2ncia da f\u00e9 e da solidariedade, unindo pessoas em torno de um prop\u00f3sito comum.<\/p>\n","protected":false},"excerpt":{"rendered":"<p>Neste terceiro domingo da Quaresma, a cidade de Salvador foi palco de uma emocionante celebra\u00e7\u00e3o religiosa: a Caminhada da Penit\u00eancia. Este evento, que atraiu milhares de fi\u00e9is, marca uma das mais significativas express\u00f5es de devo\u00e7\u00e3o e espiritualidade da comunidade baiana. Hist\u00f3ria da Caminhada da Penit\u00eancia Com uma trajet\u00f3ria que se estende por mais de 40 [&hellip;]<\/p>\n","protected":false},"author":4,"featured_media":0,"comment_status":"open","ping_status":"open","sticky":false,"template":"","format":"standard","meta":{"footnotes":""},"categories":[393],"tags":[2650,654,1831,2651,428,1568,861,1832],"class_list":["post-8604","post","type-post","status-publish","format-standard","hentry","category-religiao","tag-caminhada","tag-comunidade","tag-fe","tag-penitencia","tag-quaresma","tag-salvador","tag-solidariedade","tag-tradicao"],"_links":{"self":[{"href":"https:\/\/www.7tvs.com.br\/7tvs\/wp-json\/wp\/v2\/posts\/8604","targetHints":{"allow":["GET"]}}],"collection":[{"href":"https:\/\/www.7tvs.com.br\/7tvs\/wp-json\/wp\/v2\/posts"}],"about":[{"href":"https:\/\/www.7tvs.com.br\/7tvs\/wp-json\/wp\/v2\/types\/post"}],"author":[{"embeddable":true,"href":"https:\/\/www.7tvs.com.br\/7tvs\/wp-json\/wp\/v2\/users\/4"}],"replies":[{"embeddable":true,"href":"https:\/\/www.7tvs.com.br\/7tvs\/wp-json\/wp\/v2\/comments?post=8604"}],"version-history":[{"count":0,"href":"https:\/\/www.7tvs.com.br\/7tvs\/wp-json\/wp\/v2\/posts\/8604\/revisions"}],"wp:attachment":[{"href":"https:\/\/www.7tvs.com.br\/7tvs\/wp-json\/wp\/v2\/media?parent=8604"}],"wp:term":[{"taxonomy":"category","embeddable":true,"href":"https:\/\/www.7tvs.com.br\/7tvs\/wp-json\/wp\/v2\/categories?post=8604"},{"taxonomy":"post_tag","embeddable":true,"href":"https:\/\/www.7tvs.com.br\/7tvs\/wp-json\/wp\/v2\/tags?post=8604"}],"curies":[{"name":"wp","href":"https:\/\/api.w.org\/{rel}","templated":true}]}}