{"id":8592,"date":"2026-03-11T00:04:56","date_gmt":"2026-03-11T03:04:56","guid":{"rendered":"https:\/\/www.7tvs.com.br\/7tvs\/2026\/03\/11\/obituarios-curitiba-10-marco-2026\/"},"modified":"2026-03-11T00:04:56","modified_gmt":"2026-03-11T03:04:56","slug":"obituarios-curitiba-10-marco-2026","status":"publish","type":"post","link":"https:\/\/www.7tvs.com.br\/7tvs\/2026\/03\/11\/obituarios-curitiba-10-marco-2026\/","title":{"rendered":"Obitu\u00e1rios de Curitiba: Falecimentos Registrados em 10 de Mar\u00e7o de 2026"},"content":{"rendered":"\n<p>Na ter\u00e7a-feira, 10 de mar\u00e7o de 2026, Curitiba lamentou a perda de diversos cidad\u00e3os. O portal Bem Paran\u00e1 atualizou a lista de falecimentos, apresentando informa\u00e7\u00f5es sobre os hor\u00e1rios e locais de sepultamento, em um tributo \u00e0 mem\u00f3ria dos que partiram.<\/p>\n\n\n\n<h2 class=\"wp-block-heading\">Falecimentos Registrados<\/h2>\n\n\n\n<p>Entre os falecidos, destaca-se Vlademir Marcos Rodrigues de Oliveira, de 62 anos, que faleceu no Hospital Cajuru. Seu sepultamento est\u00e1 agendado para quarta-feira, 11 de mar\u00e7o, \u00e0s 17h, no Cemit\u00e9rio Municipal Santa C\u00e2ndida. Ele era conhecido por sua atua\u00e7\u00e3o como auxiliar administrativo e deixa familiares, incluindo seu pai Francisco e sua m\u00e3e Dalgiza.<\/p>\n\n\n\n<p>Outro nome a ser lembrado \u00e9 Walberto Steiner Junior, de 64 anos, que tamb\u00e9m faleceu no dia 10 de mar\u00e7o, no Hospital Nossa Senhora das Gra\u00e7as. O vel\u00f3rio ocorrer\u00e1 na Capela do Cemit\u00e9rio Parque Igua\u00e7u, com sepultamento previsto para o mesmo dia, \u00e0s 15h30. Walberto era filho de Walberto e Elizabeth Anna Doetzer.<\/p>\n\n\n\n<p>Carlos Roberto Agulham, de 78 anos, faleceu no Hospital S\u00e3o Vicente e ser\u00e1 cremado no Cremat\u00f3rio Memorial da Vida, em S\u00e3o Jos\u00e9 dos Pinhais, na quarta-feira, \u00e0s 17h. Ele era comerciante e deixa sua esposa Marli. Seu legados familiares incluem seu pai Wilson e sua m\u00e3e Maria Tereza.<\/p>\n\n\n\n<p>Luiz Henrique Canet, engenheiro eletricista de 67 anos, tamb\u00e9m faleceu em 10 de mar\u00e7o, no Hospital Osvaldo Cruz. O vel\u00f3rio ocorrer\u00e1 na Capela Luto Curitiba, e o sepultamento est\u00e1 marcado para a Fazenda Rio Grande, \u00e0s 16h. Luiz deixa sua esposa Maria Filomena Martins e foi filho de Julio Canet Filho e Maria de Loudes Bello.<\/p>\n\n\n\n<h2 class=\"wp-block-heading\">Outras Perdas Significativas<\/h2>\n\n\n\n<p>Marilene Azevedo da Cruz, de 60 anos, conhecida por sua profiss\u00e3o como cozinheira, faleceu no Hospital de Cl\u00ednicas. Seu sepultamento est\u00e1 previsto para quarta-feira, \u00e0s 16h30, na cidade de origem, onde ser\u00e1 velada na capela municipal. Marilene deixa um legado familiar que inclui seus pais Moacyr Pereira e Rosa Azevedo.<\/p>\n\n\n\n<p>Elizeu de Souza Santana, com 50 anos, faleceu em sua resid\u00eancia. O vel\u00f3rio ocorrer\u00e1 na Igreja CIC, com sepultamento programado no Cemit\u00e9rio Jardim da Saudade, em Pinhais, \u00e0s 17h. Ele era encarregado de produ\u00e7\u00e3o e deixa sua esposa Gisele Alves.<\/p>\n\n\n\n<h2 class=\"wp-block-heading\">Contexto e Reflex\u00e3o<\/h2>\n\n\n\n<p>Os falecimentos registrados em Curitiba refletem a diversidade de vidas e hist\u00f3rias que comp\u00f5em a cidade. Cada um desses indiv\u00edduos deixou um impacto em seus c\u00edrculos sociais e familiares, e suas mem\u00f3rias ser\u00e3o eternamente lembradas por aqueles que os amaram.<\/p>\n\n\n\n<p>A lista de falecimentos \u00e9 atualizada frequentemente e serve como um lembrete da fragilidade da vida, al\u00e9m de destacar a import\u00e2ncia do apoio \u00e0 comunidade enlutada. As funer\u00e1rias mencionadas est\u00e3o dispon\u00edveis para prestar assist\u00eancia \u00e0s fam\u00edlias neste momento delicado.<\/p>\n","protected":false},"excerpt":{"rendered":"<p>Na ter\u00e7a-feira, 10 de mar\u00e7o de 2026, Curitiba lamentou a perda de diversos cidad\u00e3os. O portal Bem Paran\u00e1 atualizou a lista de falecimentos, apresentando informa\u00e7\u00f5es sobre os hor\u00e1rios e locais de sepultamento, em um tributo \u00e0 mem\u00f3ria dos que partiram. Falecimentos Registrados Entre os falecidos, destaca-se Vlademir Marcos Rodrigues de Oliveira, de 62 anos, que [&hellip;]<\/p>\n","protected":false},"author":4,"featured_media":0,"comment_status":"open","ping_status":"open","sticky":false,"template":"","format":"standard","meta":{"footnotes":""},"categories":[367],"tags":[618,2315,1857,1018,2314],"class_list":["post-8592","post","type-post","status-publish","format-standard","hentry","category-tvparana","tag-curitiba","tag-falecimentos","tag-homenagem","tag-memoria","tag-obituario"],"_links":{"self":[{"href":"https:\/\/www.7tvs.com.br\/7tvs\/wp-json\/wp\/v2\/posts\/8592","targetHints":{"allow":["GET"]}}],"collection":[{"href":"https:\/\/www.7tvs.com.br\/7tvs\/wp-json\/wp\/v2\/posts"}],"about":[{"href":"https:\/\/www.7tvs.com.br\/7tvs\/wp-json\/wp\/v2\/types\/post"}],"author":[{"embeddable":true,"href":"https:\/\/www.7tvs.com.br\/7tvs\/wp-json\/wp\/v2\/users\/4"}],"replies":[{"embeddable":true,"href":"https:\/\/www.7tvs.com.br\/7tvs\/wp-json\/wp\/v2\/comments?post=8592"}],"version-history":[{"count":0,"href":"https:\/\/www.7tvs.com.br\/7tvs\/wp-json\/wp\/v2\/posts\/8592\/revisions"}],"wp:attachment":[{"href":"https:\/\/www.7tvs.com.br\/7tvs\/wp-json\/wp\/v2\/media?parent=8592"}],"wp:term":[{"taxonomy":"category","embeddable":true,"href":"https:\/\/www.7tvs.com.br\/7tvs\/wp-json\/wp\/v2\/categories?post=8592"},{"taxonomy":"post_tag","embeddable":true,"href":"https:\/\/www.7tvs.com.br\/7tvs\/wp-json\/wp\/v2\/tags?post=8592"}],"curies":[{"name":"wp","href":"https:\/\/api.w.org\/{rel}","templated":true}]}}