{"id":8591,"date":"2026-03-11T00:04:54","date_gmt":"2026-03-11T03:04:54","guid":{"rendered":"https:\/\/www.7tvs.com.br\/7tvs\/2026\/03\/11\/falecimentos-curitiba-marco-2026-2\/"},"modified":"2026-03-11T00:04:54","modified_gmt":"2026-03-11T03:04:54","slug":"falecimentos-curitiba-marco-2026-2","status":"publish","type":"post","link":"https:\/\/www.7tvs.com.br\/7tvs\/2026\/03\/11\/falecimentos-curitiba-marco-2026-2\/","title":{"rendered":"Falecimentos em Curitiba: Atualiza\u00e7\u00f5es de 10 de Mar\u00e7o de 2026"},"content":{"rendered":"\n<p>Nesta ter\u00e7a-feira, 10 de mar\u00e7o de 2026, Curitiba registrou uma s\u00e9rie de falecimentos, conforme informa\u00e7\u00f5es atualizadas \u00e0s 23 horas, fornecidas pela Prefeitura da cidade. A seguir, apresentamos a lista completa de \u00f3bitos, incluindo detalhes sobre os locais e hor\u00e1rios de sepultamento.<\/p>\n\n\n\n<h2 class=\"wp-block-heading\">Falecimentos Registrados<\/h2>\n\n\n\n<p>Entre os falecidos, destaca-se Vlademir Marcos Rodrigues de Oliveira, que tinha 62 anos e faleceu no Hospital Cajuru. O vel\u00f3rio ocorre na Capela do Cemit\u00e9rio Vaticano, localizado em Almirante Tamandar\u00e9, e o sepultamento est\u00e1 agendado para quarta-feira, 11 de mar\u00e7o, \u00e0s 17h.<\/p>\n\n\n\n<p>Outro nome na lista \u00e9 Walberto Steiner Junior, de 64 anos, que tamb\u00e9m faleceu no dia 10 de mar\u00e7o, no Hospital Nossa Senhora das Gra\u00e7as. O vel\u00f3rio ser\u00e1 realizado na Capela do Cemit\u00e9rio Parque Igua\u00e7u, com sepultamento previsto para o mesmo dia \u00e0s 15h30.<\/p>\n\n\n\n<h2 class=\"wp-block-heading\">Outros Nomes e Detalhes<\/h2>\n\n\n\n<p>Carlos Roberto Agulham, de 78 anos, faleceu no Hospital S\u00e3o Vicente. Ele ser\u00e1 velado na Capela do Cemit\u00e9rio Memorial da Vida, em S\u00e3o Jos\u00e9 dos Pinhais, e seu sepultamento ocorrer\u00e1 no Cremat\u00f3rio Memorial da Vida \u00e0s 17h do dia 11 de mar\u00e7o.<\/p>\n\n\n\n<p>Luiz Henrique Canet, de 67 anos, \u00e9 outra perda significativa. Ele faleceu no Hospital Osvaldo Cruz e ser\u00e1 velado na Capela Luto Curitiba, com sepultamento marcado para \u00e0s 16h, no Cemit\u00e9rio Parque Metropolitano, na Fazenda Rio Grande.<\/p>\n\n\n\n<h2 class=\"wp-block-heading\">Fatos Adicionais de Falecimentos<\/h2>\n\n\n\n<p>Marilene Azevedo da Cruz, aos 60 anos, faleceu no Hospital de Cl\u00ednicas. Ela ser\u00e1 velada na Capela Municipal de sua cidade de origem, com sepultamento agendado para \u00e0s 16h30. Elizeu de Souza Santana, de 50 anos, tamb\u00e9m \u00e9 mencionado, tendo falecido em resid\u00eancia, e ser\u00e1 sepultado no Cemit\u00e9rio Jardim da Saudade, em Pinhais, no dia 11 de mar\u00e7o \u00e0s 17h.<\/p>\n\n\n\n<p>Al\u00e9m deles, Joel Rodrigues dos Santos, de 62 anos, faleceu em casa e ser\u00e1 velado no Cemit\u00e9rio Pedro Fuss, em S\u00e3o Jos\u00e9 dos Pinhais, com sepultamento marcado para \u00e0s 11h no dia seguinte.<\/p>\n\n\n\n<h2 class=\"wp-block-heading\">Considera\u00e7\u00f5es Finais<\/h2>\n\n\n\n<p>Os falecimentos destacados refletem a perda significativa de membros da comunidade curitibana e regi\u00e3o. Compreender esses acontecimentos \u00e9 fundamental para honrar suas mem\u00f3rias e apoiar suas fam\u00edlias durante este momento dif\u00edcil. A cidade se despede de seus cidad\u00e3os em um contexto de luto e solidariedade.<\/p>\n","protected":false},"excerpt":{"rendered":"<p>Nesta ter\u00e7a-feira, 10 de mar\u00e7o de 2026, Curitiba registrou uma s\u00e9rie de falecimentos, conforme informa\u00e7\u00f5es atualizadas \u00e0s 23 horas, fornecidas pela Prefeitura da cidade. A seguir, apresentamos a lista completa de \u00f3bitos, incluindo detalhes sobre os locais e hor\u00e1rios de sepultamento. Falecimentos Registrados Entre os falecidos, destaca-se Vlademir Marcos Rodrigues de Oliveira, que tinha 62 [&hellip;]<\/p>\n","protected":false},"author":4,"featured_media":8613,"comment_status":"open","ping_status":"open","sticky":false,"template":"","format":"standard","meta":{"footnotes":""},"categories":[367],"tags":[618,2315,1093,917,2635],"class_list":["post-8591","post","type-post","status-publish","format-standard","has-post-thumbnail","hentry","category-tvparana","tag-curitiba","tag-falecimentos","tag-luto","tag-noticias","tag-obituarios"],"_links":{"self":[{"href":"https:\/\/www.7tvs.com.br\/7tvs\/wp-json\/wp\/v2\/posts\/8591","targetHints":{"allow":["GET"]}}],"collection":[{"href":"https:\/\/www.7tvs.com.br\/7tvs\/wp-json\/wp\/v2\/posts"}],"about":[{"href":"https:\/\/www.7tvs.com.br\/7tvs\/wp-json\/wp\/v2\/types\/post"}],"author":[{"embeddable":true,"href":"https:\/\/www.7tvs.com.br\/7tvs\/wp-json\/wp\/v2\/users\/4"}],"replies":[{"embeddable":true,"href":"https:\/\/www.7tvs.com.br\/7tvs\/wp-json\/wp\/v2\/comments?post=8591"}],"version-history":[{"count":0,"href":"https:\/\/www.7tvs.com.br\/7tvs\/wp-json\/wp\/v2\/posts\/8591\/revisions"}],"wp:featuredmedia":[{"embeddable":true,"href":"https:\/\/www.7tvs.com.br\/7tvs\/wp-json\/wp\/v2\/media\/8613"}],"wp:attachment":[{"href":"https:\/\/www.7tvs.com.br\/7tvs\/wp-json\/wp\/v2\/media?parent=8591"}],"wp:term":[{"taxonomy":"category","embeddable":true,"href":"https:\/\/www.7tvs.com.br\/7tvs\/wp-json\/wp\/v2\/categories?post=8591"},{"taxonomy":"post_tag","embeddable":true,"href":"https:\/\/www.7tvs.com.br\/7tvs\/wp-json\/wp\/v2\/tags?post=8591"}],"curies":[{"name":"wp","href":"https:\/\/api.w.org\/{rel}","templated":true}]}}