{"id":8590,"date":"2026-03-11T00:04:32","date_gmt":"2026-03-11T03:04:32","guid":{"rendered":"https:\/\/www.7tvs.com.br\/7tvs\/2026\/03\/11\/jorginho-mello-visita-bolsonaro\/"},"modified":"2026-03-11T00:04:32","modified_gmt":"2026-03-11T03:04:32","slug":"jorginho-mello-visita-bolsonaro","status":"publish","type":"post","link":"https:\/\/www.7tvs.com.br\/7tvs\/2026\/03\/11\/jorginho-mello-visita-bolsonaro\/","title":{"rendered":"Jorginho Mello Recebe Autoriza\u00e7\u00e3o do STF para Visitar Bolsonaro na Pris\u00e3o"},"content":{"rendered":"\n<p>O governador de Santa Catarina, Jorginho Mello, foi autorizado pelo Supremo Tribunal Federal (STF) a realizar uma visita ao ex-presidente Jair Bolsonaro, que se encontra em regime de pris\u00e3o. A permiss\u00e3o \u00e9 parte de uma decis\u00e3o mais ampla que permite que diversos aliados de Bolsonaro possam se encontrar com ele durante seu per\u00edodo de deten\u00e7\u00e3o.<\/p>\n\n\n\n<h2 class=\"wp-block-heading\">Decis\u00e3o do STF e Contexto Pol\u00edtico<\/h2>\n\n\n\n<p>A autoriza\u00e7\u00e3o do STF para que Jorginho Mello e outros aliados possam visitar o ex-presidente reflete um contexto pol\u00edtico tenso no Brasil. A decis\u00e3o ocorre em um momento em que o pa\u00eds enfrenta profundas divis\u00f5es pol\u00edticas e sociais, intensificadas pela pris\u00e3o de figuras p\u00fablicas proeminentes. Essa medida do tribunal \u00e9 vista como uma tentativa de equilibrar as rela\u00e7\u00f5es entre o governo e a oposi\u00e7\u00e3o.<\/p>\n\n\n\n<h2 class=\"wp-block-heading\">Repercuss\u00e3o entre os Aliados de Bolsonaro<\/h2>\n\n\n\n<p>A not\u00edcia da autoriza\u00e7\u00e3o gerou rea\u00e7\u00f5es variadas entre os aliados de Bolsonaro. Enquanto alguns celebram a oportunidade de manter contato com o ex-presidente, outros expressam preocupa\u00e7\u00f5es sobre a imagem p\u00fablica e a poss\u00edvel influ\u00eancia que essa visita possa ter no cen\u00e1rio pol\u00edtico. Mello, conhecido por seu apoio incondicional a Bolsonaro, dever\u00e1 ser um dos primeiros a visitar o ex-presidente em abril.<\/p>\n\n\n\n<h2 class=\"wp-block-heading\">Expectativas para a Visita<\/h2>\n\n\n\n<p>A expectativa em torno das visitas \u00e9 alta, especialmente sobre os assuntos que ser\u00e3o discutidos entre Mello e Bolsonaro. Observadores pol\u00edticos acreditam que essas conversas podem influenciar a estrat\u00e9gia pol\u00edtica dos aliados do ex-presidente em um momento em que muitos buscam consolidar suas bases eleitorais. A visita tamb\u00e9m poder\u00e1 trazer \u00e0 tona quest\u00f5es sobre a governabilidade e as articula\u00e7\u00f5es para o futuro pol\u00edtico do grupo.<\/p>\n\n\n\n<h2 class=\"wp-block-heading\">Conclus\u00e3o<\/h2>\n\n\n\n<p>A autoriza\u00e7\u00e3o para Jorginho Mello visitar Jair Bolsonaro marca um momento significativo na pol\u00edtica brasileira, refletindo as complexidades das rela\u00e7\u00f5es de poder atuais. Com a possibilidade de outras visitas no horizonte, o impacto dessas intera\u00e7\u00f5es no cen\u00e1rio pol\u00edtico permanece incerto, mas certamente ser\u00e1 acompanhado de perto pelas partes interessadas e pela opini\u00e3o p\u00fablica.<\/p>\n","protected":false},"excerpt":{"rendered":"<p>O governador de Santa Catarina, Jorginho Mello, foi autorizado pelo Supremo Tribunal Federal (STF) a realizar uma visita ao ex-presidente Jair Bolsonaro, que se encontra em regime de pris\u00e3o. A permiss\u00e3o \u00e9 parte de uma decis\u00e3o mais ampla que permite que diversos aliados de Bolsonaro possam se encontrar com ele durante seu per\u00edodo de deten\u00e7\u00e3o. [&hellip;]<\/p>\n","protected":false},"author":4,"featured_media":0,"comment_status":"open","ping_status":"open","sticky":false,"template":"","format":"standard","meta":{"footnotes":""},"categories":[359],"tags":[1887,2633,160,495,684],"class_list":["post-8590","post","type-post","status-publish","format-standard","hentry","category-tvsantacatarina","tag-bolsonaro","tag-jorginho-mello","tag-politica","tag-prisao","tag-stf"],"_links":{"self":[{"href":"https:\/\/www.7tvs.com.br\/7tvs\/wp-json\/wp\/v2\/posts\/8590","targetHints":{"allow":["GET"]}}],"collection":[{"href":"https:\/\/www.7tvs.com.br\/7tvs\/wp-json\/wp\/v2\/posts"}],"about":[{"href":"https:\/\/www.7tvs.com.br\/7tvs\/wp-json\/wp\/v2\/types\/post"}],"author":[{"embeddable":true,"href":"https:\/\/www.7tvs.com.br\/7tvs\/wp-json\/wp\/v2\/users\/4"}],"replies":[{"embeddable":true,"href":"https:\/\/www.7tvs.com.br\/7tvs\/wp-json\/wp\/v2\/comments?post=8590"}],"version-history":[{"count":0,"href":"https:\/\/www.7tvs.com.br\/7tvs\/wp-json\/wp\/v2\/posts\/8590\/revisions"}],"wp:attachment":[{"href":"https:\/\/www.7tvs.com.br\/7tvs\/wp-json\/wp\/v2\/media?parent=8590"}],"wp:term":[{"taxonomy":"category","embeddable":true,"href":"https:\/\/www.7tvs.com.br\/7tvs\/wp-json\/wp\/v2\/categories?post=8590"},{"taxonomy":"post_tag","embeddable":true,"href":"https:\/\/www.7tvs.com.br\/7tvs\/wp-json\/wp\/v2\/tags?post=8590"}],"curies":[{"name":"wp","href":"https:\/\/api.w.org\/{rel}","templated":true}]}}