{"id":8589,"date":"2026-03-11T00:04:31","date_gmt":"2026-03-11T03:04:31","guid":{"rendered":"https:\/\/www.7tvs.com.br\/7tvs\/2026\/03\/11\/visita-jorginho-mello-bolsonaro-prisao\/"},"modified":"2026-03-11T00:04:31","modified_gmt":"2026-03-11T03:04:31","slug":"visita-jorginho-mello-bolsonaro-prisao","status":"publish","type":"post","link":"https:\/\/www.7tvs.com.br\/7tvs\/2026\/03\/11\/visita-jorginho-mello-bolsonaro-prisao\/","title":{"rendered":"Visita de Jorginho Mello a Bolsonaro na Pris\u00e3o: Autoriza\u00e7\u00e3o do STF"},"content":{"rendered":"\n<p>O governador de Santa Catarina, Jorginho Mello, recebeu autoriza\u00e7\u00e3o do Supremo Tribunal Federal (STF) para visitar o ex-presidente Jair Bolsonaro, que se encontra detido. Essa permiss\u00e3o foi concedida no contexto de uma s\u00e9rie de libera\u00e7\u00f5es para aliados de Bolsonaro, permitindo que eles mantenham contato com o ex-mandat\u00e1rio.<\/p>\n\n\n\n<h2 class=\"wp-block-heading\">Contexto da Autoriza\u00e7\u00e3o<\/h2>\n\n\n\n<p>A decis\u00e3o do STF reflete um movimento estrat\u00e9gico para garantir que Bolsonaro tenha apoio cont\u00ednuo de seus aliados pol\u00edticos durante o per\u00edodo de encarceramento. A visita de Mello, programada para abril, \u00e9 vista como uma oportunidade importante para que o ex-presidente discuta quest\u00f5es pol\u00edticas e receba atualiza\u00e7\u00f5es sobre a situa\u00e7\u00e3o de seu partido.<\/p>\n\n\n\n<h2 class=\"wp-block-heading\">Repercuss\u00e3o Pol\u00edtica<\/h2>\n\n\n\n<p>A autoriza\u00e7\u00e3o para a visita gerou rea\u00e7\u00f5es variadas no cen\u00e1rio pol\u00edtico. Aliados de Bolsonaro celebram a decis\u00e3o como um sinal de que o ex-presidente ainda mant\u00e9m influ\u00eancia e uma rede de apoio ativa. Por outro lado, cr\u00edticos questionam a necessidade de visitas regulares a detentos em situa\u00e7\u00f5es semelhantes, levantando debates sobre a equidade no sistema judicial.<\/p>\n\n\n\n<h2 class=\"wp-block-heading\">Pr\u00f3ximos Passos<\/h2>\n\n\n\n<p>Com a visita de Jorginho Mello programada, espera-se que outras figuras pol\u00edticas tamb\u00e9m solicitem autoriza\u00e7\u00e3o para encontros semelhantes. A situa\u00e7\u00e3o de Bolsonaro e a resposta do STF podem moldar o cen\u00e1rio pol\u00edtico nos pr\u00f3ximos meses, especialmente com as elei\u00e7\u00f5es se aproximando e a necessidade de articula\u00e7\u00f5es estrat\u00e9gicas entre os partidos.<\/p>\n\n\n\n<h2 class=\"wp-block-heading\">Considera\u00e7\u00f5es Finais<\/h2>\n\n\n\n<p>A visita de Jorginho Mello ao ex-presidente Bolsonaro n\u00e3o apenas simboliza um apoio cont\u00ednuo, mas tamb\u00e9m destaca a complexidade da pol\u00edtica brasileira em tempos de crise. Com diferentes rea\u00e7\u00f5es e implica\u00e7\u00f5es, esse encontro poder\u00e1 ter repercuss\u00f5es significativas para o futuro pol\u00edtico do pa\u00eds.<\/p>\n","protected":false},"excerpt":{"rendered":"<p>O governador de Santa Catarina, Jorginho Mello, recebeu autoriza\u00e7\u00e3o do Supremo Tribunal Federal (STF) para visitar o ex-presidente Jair Bolsonaro, que se encontra detido. Essa permiss\u00e3o foi concedida no contexto de uma s\u00e9rie de libera\u00e7\u00f5es para aliados de Bolsonaro, permitindo que eles mantenham contato com o ex-mandat\u00e1rio. Contexto da Autoriza\u00e7\u00e3o A decis\u00e3o do STF reflete [&hellip;]<\/p>\n","protected":false},"author":4,"featured_media":0,"comment_status":"open","ping_status":"open","sticky":false,"template":"","format":"standard","meta":{"footnotes":""},"categories":[359],"tags":[1887,2633,160,495,684,2634],"class_list":["post-8589","post","type-post","status-publish","format-standard","hentry","category-tvsantacatarina","tag-bolsonaro","tag-jorginho-mello","tag-politica","tag-prisao","tag-stf","tag-visita"],"_links":{"self":[{"href":"https:\/\/www.7tvs.com.br\/7tvs\/wp-json\/wp\/v2\/posts\/8589","targetHints":{"allow":["GET"]}}],"collection":[{"href":"https:\/\/www.7tvs.com.br\/7tvs\/wp-json\/wp\/v2\/posts"}],"about":[{"href":"https:\/\/www.7tvs.com.br\/7tvs\/wp-json\/wp\/v2\/types\/post"}],"author":[{"embeddable":true,"href":"https:\/\/www.7tvs.com.br\/7tvs\/wp-json\/wp\/v2\/users\/4"}],"replies":[{"embeddable":true,"href":"https:\/\/www.7tvs.com.br\/7tvs\/wp-json\/wp\/v2\/comments?post=8589"}],"version-history":[{"count":0,"href":"https:\/\/www.7tvs.com.br\/7tvs\/wp-json\/wp\/v2\/posts\/8589\/revisions"}],"wp:attachment":[{"href":"https:\/\/www.7tvs.com.br\/7tvs\/wp-json\/wp\/v2\/media?parent=8589"}],"wp:term":[{"taxonomy":"category","embeddable":true,"href":"https:\/\/www.7tvs.com.br\/7tvs\/wp-json\/wp\/v2\/categories?post=8589"},{"taxonomy":"post_tag","embeddable":true,"href":"https:\/\/www.7tvs.com.br\/7tvs\/wp-json\/wp\/v2\/tags?post=8589"}],"curies":[{"name":"wp","href":"https:\/\/api.w.org\/{rel}","templated":true}]}}