{"id":8587,"date":"2026-03-11T00:04:14","date_gmt":"2026-03-11T03:04:14","guid":{"rendered":"https:\/\/www.7tvs.com.br\/7tvs\/2026\/03\/11\/previsao-tempo-quarta-feira-11-sao-paulo\/"},"modified":"2026-03-11T00:04:14","modified_gmt":"2026-03-11T03:04:14","slug":"previsao-tempo-quarta-feira-11-sao-paulo","status":"publish","type":"post","link":"https:\/\/www.7tvs.com.br\/7tvs\/2026\/03\/11\/previsao-tempo-quarta-feira-11-sao-paulo\/","title":{"rendered":"Previs\u00e3o do Tempo para Quarta-Feira (11) em S\u00e3o Paulo: Temperaturas Ameno e Chuvas Intensas"},"content":{"rendered":"\n<p>A previs\u00e3o do tempo para esta quarta-feira, dia 11, em S\u00e3o Paulo indica um clima ameno, influenciado por ventos mar\u00edtimos que promovem um aumento na nebulosidade ao longo do dia. Essa mudan\u00e7a nas condi\u00e7\u00f5es atmosf\u00e9ricas prepara o cen\u00e1rio para a ocorr\u00eancia de chuvas significativas em v\u00e1rias regi\u00f5es do estado.<\/p>\n\n\n\n<h2 class=\"wp-block-heading\">Condi\u00e7\u00f5es Meteorol\u00f3gicas e Chuvas<\/h2>\n\n\n\n<p>Durante a tarde e a noite, a presen\u00e7a de um cavado meteorol\u00f3gico \u00e9 esperada, o que intensificar\u00e1 os temporais. De acordo com os meteorologistas, s\u00e3o previstas pancadas de chuva frequentes, que podem variar de intensidade moderada a forte. Esse fen\u00f4meno ser\u00e1 mais acentuado nas regi\u00f5es nordeste, centro e na faixa leste do Estado.<\/p>\n\n\n\n<h2 class=\"wp-block-heading\">Temperaturas e Risco de Tempestades<\/h2>\n\n\n\n<p>Na Grande S\u00e3o Paulo, a temperatura m\u00e1xima deve atingir 21\u00b0C, com um alerta para a possibilidade de temporais de moderada a forte intensidade, especialmente no per\u00edodo da tarde. Essa combina\u00e7\u00e3o de temperaturas mais amenas e chuvas intensas pode criar um clima inst\u00e1vel na regi\u00e3o.<\/p>\n\n\n\n<h2 class=\"wp-block-heading\">Situa\u00e7\u00e3o no Litoral e Riscos Associados<\/h2>\n\n\n\n<p>No litoral paulista, a previs\u00e3o \u00e9 de chuvas persistentes ao longo do dia, o que eleva o risco de alagamentos e deslizamentos de terra, especialmente em \u00e1reas mais vulner\u00e1veis. A popula\u00e7\u00e3o \u00e9 orientada a tomar cuidados redobrados e a se manter informada sobre as condi\u00e7\u00f5es clim\u00e1ticas.<\/p>\n\n\n\n<h2 class=\"wp-block-heading\">Orienta\u00e7\u00f5es e Alertas<\/h2>\n\n\n\n<p>Diante das previs\u00f5es, a Defesa Civil emitiu alertas, destacando a import\u00e2ncia de estar atento \u00e0s mudan\u00e7as clim\u00e1ticas e aos avisos de seguran\u00e7a. A popula\u00e7\u00e3o pode acompanhar atualiza\u00e7\u00f5es sobre a previs\u00e3o do tempo e recomenda\u00e7\u00f5es de seguran\u00e7a atrav\u00e9s dos boletins de r\u00e1dio e redes sociais.<\/p>\n\n\n\n<p>Assim, \u00e9 fundamental que os moradores de S\u00e3o Paulo e das regi\u00f5es adjacentes se preparem para um dia marcado por temperaturas amenas, mas tamb\u00e9m por riscos associados a chuvas intensas e poss\u00edveis tempestades.<\/p>\n","protected":false},"excerpt":{"rendered":"<p>A previs\u00e3o do tempo para esta quarta-feira, dia 11, em S\u00e3o Paulo indica um clima ameno, influenciado por ventos mar\u00edtimos que promovem um aumento na nebulosidade ao longo do dia. Essa mudan\u00e7a nas condi\u00e7\u00f5es atmosf\u00e9ricas prepara o cen\u00e1rio para a ocorr\u00eancia de chuvas significativas em v\u00e1rias regi\u00f5es do estado. Condi\u00e7\u00f5es Meteorol\u00f3gicas e Chuvas Durante a [&hellip;]<\/p>\n","protected":false},"author":4,"featured_media":0,"comment_status":"open","ping_status":"open","sticky":false,"template":"","format":"standard","meta":{"footnotes":""},"categories":[395],"tags":[612,638,515,1189,639],"class_list":["post-8587","post","type-post","status-publish","format-standard","hentry","category-tvsaopaulo","tag-chuvas","tag-previsao","tag-sao-paulo","tag-tempestades","tag-tempo"],"_links":{"self":[{"href":"https:\/\/www.7tvs.com.br\/7tvs\/wp-json\/wp\/v2\/posts\/8587","targetHints":{"allow":["GET"]}}],"collection":[{"href":"https:\/\/www.7tvs.com.br\/7tvs\/wp-json\/wp\/v2\/posts"}],"about":[{"href":"https:\/\/www.7tvs.com.br\/7tvs\/wp-json\/wp\/v2\/types\/post"}],"author":[{"embeddable":true,"href":"https:\/\/www.7tvs.com.br\/7tvs\/wp-json\/wp\/v2\/users\/4"}],"replies":[{"embeddable":true,"href":"https:\/\/www.7tvs.com.br\/7tvs\/wp-json\/wp\/v2\/comments?post=8587"}],"version-history":[{"count":0,"href":"https:\/\/www.7tvs.com.br\/7tvs\/wp-json\/wp\/v2\/posts\/8587\/revisions"}],"wp:attachment":[{"href":"https:\/\/www.7tvs.com.br\/7tvs\/wp-json\/wp\/v2\/media?parent=8587"}],"wp:term":[{"taxonomy":"category","embeddable":true,"href":"https:\/\/www.7tvs.com.br\/7tvs\/wp-json\/wp\/v2\/categories?post=8587"},{"taxonomy":"post_tag","embeddable":true,"href":"https:\/\/www.7tvs.com.br\/7tvs\/wp-json\/wp\/v2\/tags?post=8587"}],"curies":[{"name":"wp","href":"https:\/\/api.w.org\/{rel}","templated":true}]}}