{"id":8586,"date":"2026-03-11T00:03:57","date_gmt":"2026-03-11T03:03:57","guid":{"rendered":"https:\/\/www.7tvs.com.br\/7tvs\/2026\/03\/11\/minas-gerais-semana-prevencao-assedio-moral\/"},"modified":"2026-03-11T00:03:57","modified_gmt":"2026-03-11T03:03:57","slug":"minas-gerais-semana-prevencao-assedio-moral","status":"publish","type":"post","link":"https:\/\/www.7tvs.com.br\/7tvs\/2026\/03\/11\/minas-gerais-semana-prevencao-assedio-moral\/","title":{"rendered":"Minas Gerais Inicia Semana de Preven\u00e7\u00e3o ao Ass\u00e9dio Moral com Semin\u00e1rio Inovador"},"content":{"rendered":"\n<p>O Governo de Minas Gerais deu in\u00edcio \u00e0 Semana de Preven\u00e7\u00e3o ao Ass\u00e9dio Moral com um semin\u00e1rio realizado na Cidade Administrativa. O evento, que atraiu uma variedade de especialistas e servidores p\u00fablicos, teve como foco central a discuss\u00e3o de estrat\u00e9gias para promover a integridade e a cria\u00e7\u00e3o de ambientes laborais saud\u00e1veis na administra\u00e7\u00e3o p\u00fablica.<\/p>\n\n\n\n<h2 class=\"wp-block-heading\">Objetivos do Semin\u00e1rio<\/h2>\n\n\n\n<p>A programa\u00e7\u00e3o do semin\u00e1rio foi elaborada com o intuito de conscientizar os participantes sobre a import\u00e2ncia da preven\u00e7\u00e3o ao ass\u00e9dio moral. Os palestrantes abordaram temas como os impactos negativos do ass\u00e9dio no ambiente de trabalho, al\u00e9m de apresentar pr\u00e1ticas e pol\u00edticas que podem ser implementadas para garantir um local de trabalho seguro e respeitoso.<\/p>\n\n\n\n<h2 class=\"wp-block-heading\">Palestrantes e Temas Abordados<\/h2>\n\n\n\n<p>Diversos especialistas contribu\u00edram com suas vis\u00f5es e experi\u00eancias durante o semin\u00e1rio. Os temas abordados inclu\u00edram a constru\u00e7\u00e3o de uma cultura de respeito e a import\u00e2ncia da comunica\u00e7\u00e3o eficaz entre os servidores. Os especialistas tamb\u00e9m discutiram como a gest\u00e3o pode atuar na preven\u00e7\u00e3o de comportamentos inadequados e na promo\u00e7\u00e3o do bem-estar dos funcion\u00e1rios.<\/p>\n\n\n\n<h2 class=\"wp-block-heading\">Import\u00e2ncia da Integridade na Administra\u00e7\u00e3o P\u00fablica<\/h2>\n\n\n\n<p>A integridade \u00e9 fundamental para o fortalecimento da confian\u00e7a entre os servidores e a administra\u00e7\u00e3o p\u00fablica. O semin\u00e1rio destacou que ambientes de trabalho que valorizam a \u00e9tica e o respeito m\u00fatuo n\u00e3o apenas melhoram a produtividade, mas tamb\u00e9m reduzem a rotatividade de pessoal e os \u00edndices de absente\u00edsmo. Isso demonstra que investir na sa\u00fade mental e no respeito no trabalho \u00e9 um caminho eficaz para uma gest\u00e3o p\u00fablica mais eficiente.<\/p>\n\n\n\n<h2 class=\"wp-block-heading\">Pr\u00f3ximos Passos e Compromissos<\/h2>\n\n\n\n<p>Os organizadores do evento ressaltaram a necessidade de a\u00e7\u00f5es cont\u00ednuas ap\u00f3s o semin\u00e1rio. O Governo de Minas Gerais se comprometeu a implementar medidas pr\u00e1ticas para combater o ass\u00e9dio moral e promover um ambiente de trabalho que priorize a dignidade de todos os servidores. A expectativa \u00e9 que a Semana de Preven\u00e7\u00e3o ao Ass\u00e9dio Moral sirva como um marco para o fortalecimento de pol\u00edticas p\u00fablicas voltadas para a sa\u00fade mental e o respeito nas institui\u00e7\u00f5es.<\/p>\n\n\n\n<h2 class=\"wp-block-heading\">Conclus\u00e3o<\/h2>\n\n\n\n<p>O semin\u00e1rio que deu in\u00edcio \u00e0 Semana de Preven\u00e7\u00e3o ao Ass\u00e9dio Moral em Minas Gerais representa um passo significativo na luta por ambientes de trabalho mais saud\u00e1veis e respeitosos na administra\u00e7\u00e3o p\u00fablica. Com a participa\u00e7\u00e3o ativa de especialistas e servidores, espera-se que as discuss\u00f5es e a\u00e7\u00f5es resultantes contribuam para um futuro mais \u00edntegro e acolhedor nas institui\u00e7\u00f5es do estado.<\/p>\n","protected":false},"excerpt":{"rendered":"<p>O Governo de Minas Gerais deu in\u00edcio \u00e0 Semana de Preven\u00e7\u00e3o ao Ass\u00e9dio Moral com um semin\u00e1rio realizado na Cidade Administrativa. O evento, que atraiu uma variedade de especialistas e servidores p\u00fablicos, teve como foco central a discuss\u00e3o de estrat\u00e9gias para promover a integridade e a cria\u00e7\u00e3o de ambientes laborais saud\u00e1veis na administra\u00e7\u00e3o p\u00fablica. Objetivos [&hellip;]<\/p>\n","protected":false},"author":4,"featured_media":0,"comment_status":"open","ping_status":"open","sticky":false,"template":"","format":"standard","meta":{"footnotes":""},"categories":[8],"tags":[2631,2554,2632,909,1328],"class_list":["post-8586","post","type-post","status-publish","format-standard","hentry","category-tvminasgerais","tag-administracao-publica","tag-assedio-moral","tag-integridade","tag-saude-mental","tag-seminario"],"_links":{"self":[{"href":"https:\/\/www.7tvs.com.br\/7tvs\/wp-json\/wp\/v2\/posts\/8586","targetHints":{"allow":["GET"]}}],"collection":[{"href":"https:\/\/www.7tvs.com.br\/7tvs\/wp-json\/wp\/v2\/posts"}],"about":[{"href":"https:\/\/www.7tvs.com.br\/7tvs\/wp-json\/wp\/v2\/types\/post"}],"author":[{"embeddable":true,"href":"https:\/\/www.7tvs.com.br\/7tvs\/wp-json\/wp\/v2\/users\/4"}],"replies":[{"embeddable":true,"href":"https:\/\/www.7tvs.com.br\/7tvs\/wp-json\/wp\/v2\/comments?post=8586"}],"version-history":[{"count":0,"href":"https:\/\/www.7tvs.com.br\/7tvs\/wp-json\/wp\/v2\/posts\/8586\/revisions"}],"wp:attachment":[{"href":"https:\/\/www.7tvs.com.br\/7tvs\/wp-json\/wp\/v2\/media?parent=8586"}],"wp:term":[{"taxonomy":"category","embeddable":true,"href":"https:\/\/www.7tvs.com.br\/7tvs\/wp-json\/wp\/v2\/categories?post=8586"},{"taxonomy":"post_tag","embeddable":true,"href":"https:\/\/www.7tvs.com.br\/7tvs\/wp-json\/wp\/v2\/tags?post=8586"}],"curies":[{"name":"wp","href":"https:\/\/api.w.org\/{rel}","templated":true}]}}