{"id":8582,"date":"2026-03-11T00:02:58","date_gmt":"2026-03-11T03:02:58","guid":{"rendered":"https:\/\/www.7tvs.com.br\/7tvs\/2026\/03\/11\/aec-juazeiro-norte\/"},"modified":"2026-03-11T00:02:58","modified_gmt":"2026-03-11T03:02:58","slug":"aec-juazeiro-norte","status":"publish","type":"post","link":"https:\/\/www.7tvs.com.br\/7tvs\/2026\/03\/11\/aec-juazeiro-norte\/","title":{"rendered":"Governo do Cear\u00e1 Inaugura Nova Unidade da AeC em Juazeiro do Norte e Promete Mil Novos Empregos"},"content":{"rendered":"\n<p>Na \u00faltima segunda-feira, 9 de outubro, o governador do Cear\u00e1, Elmano de Freitas, esteve presente na inaugura\u00e7\u00e3o da segunda unidade da AeC em Juazeiro do Norte. A iniciativa, que faz parte da estrat\u00e9gia de expans\u00e3o da empresa especializada em solu\u00e7\u00f5es de experi\u00eancia do cliente, promete criar mais de 2,5 mil empregos, fortalecendo o mercado de trabalho local.<\/p>\n\n\n\n<h2 class=\"wp-block-heading\">Cerim\u00f4nia de Inaugura\u00e7\u00e3o e Presen\u00e7as Ilustres<\/h2>\n\n\n\n<p>O evento contou com a participa\u00e7\u00e3o de diversas autoridades, incluindo o presidente da Assembleia Legislativa do Cear\u00e1, Romeu Aldigueri, o secret\u00e1rio do Trabalho, Vladyson Viana, o deputado federal Jos\u00e9 Guimar\u00e3es e o prefeito de Juazeiro do Norte, Gl\u00eadson Bezerra. Durante a cerim\u00f4nia, Elmano de Freitas elogiou a expans\u00e3o da AeC e destacou a import\u00e2ncia dessa a\u00e7\u00e3o para a juventude da regi\u00e3o: \u201cAgrade\u00e7o \u00e0 AeC por viabilizar a cria\u00e7\u00e3o de mais de 2,5 mil empregos e por oferecer aos nossos jovens a chance de realizar seus sonhos\u201d, afirmou o governador.<\/p>\n\n\n\n<h2 class=\"wp-block-heading\">Impacto da AeC no Mercado de Trabalho Local<\/h2>\n\n\n\n<p>Com mais de tr\u00eas d\u00e9cadas de atua\u00e7\u00e3o, a AeC j\u00e1 possui uma unidade em Juazeiro do Norte que gerou 7,5 mil empregos. A nova unidade, prevista para aumentar esse n\u00famero, reflete o compromisso da empresa em promover oportunidades, especialmente para jovens e mulheres. Shakti Louren\u00e7o, uma colaboradora de 23 anos, compartilhou sua experi\u00eancia positiva: &quot;Esse emprego foi crucial para meu crescimento profissional e pessoal&quot;.<\/p>\n\n\n\n<h2 class=\"wp-block-heading\">Proje\u00e7\u00f5es de Crescimento e Novas Unidades<\/h2>\n\n\n\n<p>Com a nova unidade, a AeC estima que at\u00e9 2026, o total de empregos em Juazeiro do Norte possa alcan\u00e7ar a marca de 10 mil. A inclus\u00e3o de jovens, com mais de 3,5 mil colaboradores entre 18 e 24 anos, e mais de 4,5 mil mulheres, \u00e9 um aspecto que foi destacado pelo vice-presidente da Rep\u00fablica, Geraldo Alckmin, em um v\u00eddeo enviado para o evento. Alckmin expressou sua alegria pela cria\u00e7\u00e3o de oportunidades para esses grupos.<\/p>\n\n\n\n<h2 class=\"wp-block-heading\">Agradecimentos e Expectativas Futuras<\/h2>\n\n\n\n<p>Ant\u00f4nio Guilherme Noronha, acionista e fundador da AeC, agradeceu a colabora\u00e7\u00e3o do Governo do Cear\u00e1 e da Prefeitura de Juazeiro do Norte, que facilitaram a expans\u00e3o para outras cidades, como Aracati e Brejo Santo, com previs\u00e3o de 1 mil novos postos de trabalho. Ele ressaltou a import\u00e2ncia do di\u00e1logo aberto durante todo o processo de expans\u00e3o.<\/p>\n\n\n\n<h2 class=\"wp-block-heading\">Ambiente Favor\u00e1vel para Investimentos<\/h2>\n\n\n\n<p>O secret\u00e1rio do Trabalho do Cear\u00e1, Vladyson Viana, comentou sobre o ambiente prop\u00edcio para a atra\u00e7\u00e3o de investimentos na regi\u00e3o, destacando a seguran\u00e7a jur\u00eddica e a sa\u00fade fiscal do estado como fatores determinantes. Ele enfatizou que a expans\u00e3o da AeC \u00e9 parte do esfor\u00e7o cont\u00ednuo do governo para criar novas oportunidades para os trabalhadores cearenses.<\/p>\n\n\n\n<h2 class=\"wp-block-heading\">Depoimentos de Novos Colaboradores<\/h2>\n\n\n\n<p>A empolga\u00e7\u00e3o entre os novos colaboradores \u00e9 palp\u00e1vel. Ana Maria, uma jovem de 18 anos e natural de Juazeiro do Norte, expressou sua satisfa\u00e7\u00e3o com a oportunidade de seu primeiro emprego: &quot;Estou aprendendo muito e mudando a minha vida&quot;. Esse sentimento de realiza\u00e7\u00e3o \u00e9 compartilhado por muitos que veem na AeC uma chance de crescimento e desenvolvimento pessoal.<\/p>\n\n\n\n<p>A inaugura\u00e7\u00e3o da nova unidade da AeC em Juazeiro do Norte n\u00e3o apenas representa uma expans\u00e3o significativa para a empresa, mas tamb\u00e9m refor\u00e7a o compromisso do Governo do Cear\u00e1 em fomentar o desenvolvimento econ\u00f4mico e social da regi\u00e3o, criando um futuro mais promissor para os cearenses.<\/p>\n","protected":false},"excerpt":{"rendered":"<p>Na \u00faltima segunda-feira, 9 de outubro, o governador do Cear\u00e1, Elmano de Freitas, esteve presente na inaugura\u00e7\u00e3o da segunda unidade da AeC em Juazeiro do Norte. A iniciativa, que faz parte da estrat\u00e9gia de expans\u00e3o da empresa especializada em solu\u00e7\u00f5es de experi\u00eancia do cliente, promete criar mais de 2,5 mil empregos, fortalecendo o mercado de [&hellip;]<\/p>\n","protected":false},"author":4,"featured_media":8597,"comment_status":"open","ping_status":"open","sticky":false,"template":"","format":"standard","meta":{"footnotes":""},"categories":[435],"tags":[2626,436,439,1585,1113,972,2627,1022],"class_list":["post-8582","post","type-post","status-publish","format-standard","has-post-thumbnail","hentry","category-tvceara","tag-aec","tag-ceara","tag-empregos","tag-expansao","tag-governo","tag-jovens","tag-juazeiro-do-norte","tag-oportunidades"],"_links":{"self":[{"href":"https:\/\/www.7tvs.com.br\/7tvs\/wp-json\/wp\/v2\/posts\/8582","targetHints":{"allow":["GET"]}}],"collection":[{"href":"https:\/\/www.7tvs.com.br\/7tvs\/wp-json\/wp\/v2\/posts"}],"about":[{"href":"https:\/\/www.7tvs.com.br\/7tvs\/wp-json\/wp\/v2\/types\/post"}],"author":[{"embeddable":true,"href":"https:\/\/www.7tvs.com.br\/7tvs\/wp-json\/wp\/v2\/users\/4"}],"replies":[{"embeddable":true,"href":"https:\/\/www.7tvs.com.br\/7tvs\/wp-json\/wp\/v2\/comments?post=8582"}],"version-history":[{"count":0,"href":"https:\/\/www.7tvs.com.br\/7tvs\/wp-json\/wp\/v2\/posts\/8582\/revisions"}],"wp:featuredmedia":[{"embeddable":true,"href":"https:\/\/www.7tvs.com.br\/7tvs\/wp-json\/wp\/v2\/media\/8597"}],"wp:attachment":[{"href":"https:\/\/www.7tvs.com.br\/7tvs\/wp-json\/wp\/v2\/media?parent=8582"}],"wp:term":[{"taxonomy":"category","embeddable":true,"href":"https:\/\/www.7tvs.com.br\/7tvs\/wp-json\/wp\/v2\/categories?post=8582"},{"taxonomy":"post_tag","embeddable":true,"href":"https:\/\/www.7tvs.com.br\/7tvs\/wp-json\/wp\/v2\/tags?post=8582"}],"curies":[{"name":"wp","href":"https:\/\/api.w.org\/{rel}","templated":true}]}}