{"id":8579,"date":"2026-03-10T17:02:05","date_gmt":"2026-03-10T20:02:05","guid":{"rendered":"https:\/\/www.7tvs.com.br\/7tvs\/2026\/03\/10\/quarta-morte-operacao-campo-belo\/"},"modified":"2026-03-10T17:02:05","modified_gmt":"2026-03-10T20:02:05","slug":"quarta-morte-operacao-campo-belo","status":"publish","type":"post","link":"https:\/\/www.7tvs.com.br\/7tvs\/2026\/03\/10\/quarta-morte-operacao-campo-belo\/","title":{"rendered":"Quarta Morte em Opera\u00e7\u00e3o Policial em Campo Belo Ap\u00f3s Assassinato de Sargento"},"content":{"rendered":"\n<p>A cidade de Campo Belo, em Minas Gerais, tem vivenciado uma onda de viol\u00eancia ap\u00f3s o assassinato do sargento da Pol\u00edcia Militar, Rodrigo Pereira da Silva. Desde o in\u00edcio da &#039;Opera\u00e7\u00e3o Sargento Rodrigo&#039;, quatro pessoas j\u00e1 perderam a vida em confrontos com a pol\u00edcia, incluindo um jovem de 24 anos que foi morto em uma a\u00e7\u00e3o na noite de segunda-feira (9).<\/p>\n\n\n\n<h2 class=\"wp-block-heading\">O Assassinato do Sargento e suas Consequ\u00eancias<\/h2>\n\n\n\n<p>O sargento Rodrigo, de 40 anos, foi assassinado na quarta-feira (4) ao chegar em casa, surpreendido por dois homens em uma motocicleta. Registros de c\u00e2meras de seguran\u00e7a mostraram o momento do ataque, que ocorreu enquanto ele estava acompanhado de seu filho, que felizmente n\u00e3o foi ferido. O policial perdeu o controle do ve\u00edculo e colidiu contra um poste, n\u00e3o resistindo aos ferimentos.<\/p>\n\n\n\n<h2 class=\"wp-block-heading\">Desdobramentos da Opera\u00e7\u00e3o Policial<\/h2>\n\n\n\n<p>A resposta da Pol\u00edcia Militar foi imediata, resultando em uma opera\u00e7\u00e3o intensificada para capturar os respons\u00e1veis pelo crime. Durante esta ofensiva, um homem identificado como Ryan Junio de Oliveira foi morto em um confronto com a PM. Ele era considerado um dos suspeitos do ataque ao sargento e foi baleado ao tentar fugir durante a abordagem policial.<\/p>\n\n\n\n<h3 class=\"wp-block-heading\">A\u00e7\u00e3o Policial e Apreens\u00f5es<\/h3>\n\n\n\n<p>Na opera\u00e7\u00e3o, al\u00e9m de Oliveira, a pol\u00edcia apreendeu uma significativa quantidade de drogas e uma arma. A abordagem foi realizada em uma resid\u00eancia onde o suspeito, que tinha tr\u00eas mandados de pris\u00e3o em aberto, foi encontrado com uma bolsa contendo 31 buchas de maconha, R$ 2.323 em dinheiro, e uma pistola. Informa\u00e7\u00f5es revelaram que ele havia amea\u00e7ado policiais, prometendo que mais mortes seguiriam.<\/p>\n\n\n\n<h2 class=\"wp-block-heading\">Pris\u00e3o de Outros Suspeitos<\/h2>\n\n\n\n<p>Na mesma noite, a PM tamb\u00e9m prendeu tr\u00eas homens e apreendeu dois adolescentes, todos supostamente envolvidos em atividades criminosas e amea\u00e7as a policiais. Durante as buscas em bairros conhecidos pelo tr\u00e1fico de drogas, foram encontrados 29 papelotes de uma subst\u00e2ncia semelhante \u00e0 coca\u00edna e uma arma falsa, al\u00e9m de drogas. Um dos suspeitos tentou resistir \u00e0 pris\u00e3o, mas foi contido pelos policiais.<\/p>\n\n\n\n<h2 class=\"wp-block-heading\">Continuidade das A\u00e7\u00f5es de Seguran\u00e7a<\/h2>\n\n\n\n<p>A Pol\u00edcia Militar destacou que as opera\u00e7\u00f5es de repress\u00e3o a atividades criminosas continuar\u00e3o de forma firme e estrat\u00e9gica at\u00e9 que todos os envolvidos no assassinato do sargento sejam capturados. As autoridades est\u00e3o determinadas a garantir a seguran\u00e7a e a ordem na regi\u00e3o, especialmente ap\u00f3s a escalada de viol\u00eancia que se seguiu ao assassinato do sargento.<\/p>\n\n\n\n<h2 class=\"wp-block-heading\">Impacto na Comunidade<\/h2>\n\n\n\n<p>O assassinato do sargento e a subsequente s\u00e9rie de confrontos t\u00eam gerado um clima de tens\u00e3o na comunidade de Campo Belo. As autoridades est\u00e3o em busca de tranquilizar a popula\u00e7\u00e3o, enfatizando a import\u00e2ncia de sua colabora\u00e7\u00e3o nas investiga\u00e7\u00f5es e no combate ao crime organizado. Enquanto isso, o luto pela perda do policial continua a impactar a cidade e suas institui\u00e7\u00f5es.<\/p>\n\n\n\n<h2 class=\"wp-block-heading\">Conclus\u00e3o<\/h2>\n\n\n\n<p>A situa\u00e7\u00e3o em Campo Belo serve como um alerta sobre os desafios enfrentados pelas for\u00e7as de seguran\u00e7a no combate ao crime organizado. O assassinato do sargento Rodrigo e as mortes subsequentes demonstram a gravidade da viol\u00eancia na regi\u00e3o, ressaltando a necessidade urgente de medidas efetivas para restaurar a paz e a seguran\u00e7a para os cidad\u00e3os.<\/p>\n","protected":false},"excerpt":{"rendered":"<p>A cidade de Campo Belo, em Minas Gerais, tem vivenciado uma onda de viol\u00eancia ap\u00f3s o assassinato do sargento da Pol\u00edcia Militar, Rodrigo Pereira da Silva. Desde o in\u00edcio da &#039;Opera\u00e7\u00e3o Sargento Rodrigo&#039;, quatro pessoas j\u00e1 perderam a vida em confrontos com a pol\u00edcia, incluindo um jovem de 24 anos que foi morto em uma [&hellip;]<\/p>\n","protected":false},"author":4,"featured_media":0,"comment_status":"open","ping_status":"open","sticky":false,"template":"","format":"standard","meta":{"footnotes":""},"categories":[8],"tags":[332,2493,496,267,2622,637,666],"class_list":["post-8579","post","type-post","status-publish","format-standard","hentry","category-tvminasgerais","tag-policia","tag-campo-belo","tag-crime","tag-operacao","tag-sargento","tag-seguranca","tag-violencia"],"_links":{"self":[{"href":"https:\/\/www.7tvs.com.br\/7tvs\/wp-json\/wp\/v2\/posts\/8579","targetHints":{"allow":["GET"]}}],"collection":[{"href":"https:\/\/www.7tvs.com.br\/7tvs\/wp-json\/wp\/v2\/posts"}],"about":[{"href":"https:\/\/www.7tvs.com.br\/7tvs\/wp-json\/wp\/v2\/types\/post"}],"author":[{"embeddable":true,"href":"https:\/\/www.7tvs.com.br\/7tvs\/wp-json\/wp\/v2\/users\/4"}],"replies":[{"embeddable":true,"href":"https:\/\/www.7tvs.com.br\/7tvs\/wp-json\/wp\/v2\/comments?post=8579"}],"version-history":[{"count":0,"href":"https:\/\/www.7tvs.com.br\/7tvs\/wp-json\/wp\/v2\/posts\/8579\/revisions"}],"wp:attachment":[{"href":"https:\/\/www.7tvs.com.br\/7tvs\/wp-json\/wp\/v2\/media?parent=8579"}],"wp:term":[{"taxonomy":"category","embeddable":true,"href":"https:\/\/www.7tvs.com.br\/7tvs\/wp-json\/wp\/v2\/categories?post=8579"},{"taxonomy":"post_tag","embeddable":true,"href":"https:\/\/www.7tvs.com.br\/7tvs\/wp-json\/wp\/v2\/tags?post=8579"}],"curies":[{"name":"wp","href":"https:\/\/api.w.org\/{rel}","templated":true}]}}