{"id":8575,"date":"2026-03-10T00:16:11","date_gmt":"2026-03-10T03:16:11","guid":{"rendered":"https:\/\/www.7tvs.com.br\/7tvs\/2026\/03\/10\/prefeitura-recife-dia-mulher\/"},"modified":"2026-03-10T00:16:11","modified_gmt":"2026-03-10T03:16:11","slug":"prefeitura-recife-dia-mulher","status":"publish","type":"post","link":"https:\/\/www.7tvs.com.br\/7tvs\/2026\/03\/10\/prefeitura-recife-dia-mulher\/","title":{"rendered":"Prefeitura do Recife Implementa Novas A\u00e7\u00f5es em Comemora\u00e7\u00e3o ao Dia Internacional da Mulher"},"content":{"rendered":"\n<p>Em homenagem ao Dia Internacional da Mulher, celebrado em 8 de mar\u00e7o, a Prefeitura do Recife apresentou um conjunto abrangente de iniciativas voltadas \u00e0 preven\u00e7\u00e3o da viol\u00eancia contra mulheres e ao fortalecimento de sua autonomia. O prefeito Jo\u00e3o Campos destacou a import\u00e2ncia dessas medidas durante o an\u00fancio realizado ontem, que inclui novas pol\u00edticas p\u00fablicas e a amplia\u00e7\u00e3o da rede de atendimento.<\/p>\n\n\n\n<h2 class=\"wp-block-heading\">Novas Pol\u00edticas P\u00fablicas e Legisla\u00e7\u00e3o<\/h2>\n\n\n\n<p>Dentre as a\u00e7\u00f5es anunciadas, destaca-se o envio de um projeto de lei \u00e0 C\u00e2mara Municipal que visa garantir oportunidades de trabalho para mulheres que foram v\u00edtimas de viol\u00eancia em contratos realizados pela Prefeitura. Esta proposta, segundo o prefeito, \u00e9 uma forma de promover a reintegra\u00e7\u00e3o social e a autonomia econ\u00f4mica dessas mulheres.<\/p>\n\n\n\n<h2 class=\"wp-block-heading\">Institui\u00e7\u00e3o da Pol\u00edtica Municipal &quot;Recife pela Vida das Mulheres&quot;<\/h2>\n\n\n\n<p>Outra medida significativa \u00e9 a san\u00e7\u00e3o da nova legisla\u00e7\u00e3o que institui a Pol\u00edtica Municipal &quot;Recife pela Vida das Mulheres&quot;, a qual estabelece diretrizes claras para a preven\u00e7\u00e3o da viol\u00eancia e o empoderamento feminino. Esta norma tamb\u00e9m cria o Comit\u00ea Intersetorial de Pol\u00edticas P\u00fablicas Integradas para a Mulher e organiza o Sistema Municipal de Promo\u00e7\u00e3o dos Direitos da Mulher, visando um atendimento mais eficaz.<\/p>\n\n\n\n<h2 class=\"wp-block-heading\">Fortalecimento da Rede de Atendimento<\/h2>\n\n\n\n<p>Com o intuito de ampliar a rede de apoio, a Prefeitura anunciou a inaugura\u00e7\u00e3o da unidade SER Clarice na Zona Norte do Recife, um novo equipamento dedicado ao atendimento de mulheres v\u00edtimas de viol\u00eancia. Esse espa\u00e7o ser\u00e1 crucial para oferecer suporte psicol\u00f3gico e jur\u00eddico \u00e0s mulheres, fortalecendo a assist\u00eancia j\u00e1 existente na cidade.<\/p>\n\n\n\n<h2 class=\"wp-block-heading\">Novas Oportunidades no Servi\u00e7o P\u00fablico<\/h2>\n\n\n\n<p>A gest\u00e3o municipal tamb\u00e9m realizou a convoca\u00e7\u00e3o da segunda chamada do concurso p\u00fablico da Secretaria da Mulher, promovida no dia 5 de mar\u00e7o, resultando na nomea\u00e7\u00e3o de 26 servidoras efetivas. Essa a\u00e7\u00e3o visa reestruturar e fortalecer o quadro funcional da secretaria, garantindo um atendimento qualificado \u00e0s demandas da popula\u00e7\u00e3o.<\/p>\n\n\n\n<h2 class=\"wp-block-heading\">Programa de Forma\u00e7\u00e3o e Ouvidoria da Mulher<\/h2>\n\n\n\n<p>No aspecto educacional, foi publicado um decreto que institui o Programa de Forma\u00e7\u00e3o para Preven\u00e7\u00e3o da Viol\u00eancia Dom\u00e9stica e Sexista, que busca promover a igualdade entre g\u00eaneros. A iniciativa enfoca a educa\u00e7\u00e3o cidad\u00e3 e o fortalecimento de comunidades, disseminando pr\u00e1ticas que ajudem na preven\u00e7\u00e3o da viol\u00eancia.<\/p>\n\n\n\n<p>Al\u00e9m disso, a Secretaria da Mulher, em parceria com a Controladoria Geral do Munic\u00edpio, lan\u00e7ou uma cartilha focada no combate ao ass\u00e9dio moral e sexual. A cria\u00e7\u00e3o da Ouvidoria da Mulher tamb\u00e9m \u00e9 um destaque, proporcionando um canal de atendimento especializado para encaminhar demandas relacionadas aos direitos das mulheres, com op\u00e7\u00f5es de contato presencial e por telefone, garantindo assim um acesso mais facilitado.<\/p>\n\n\n\n<h2 class=\"wp-block-heading\">Conclus\u00e3o<\/h2>\n\n\n\n<p>As iniciativas apresentadas pela Prefeitura do Recife em alus\u00e3o ao Dia Internacional da Mulher demonstram um compromisso s\u00f3lido com a promo\u00e7\u00e3o dos direitos das mulheres e a constru\u00e7\u00e3o de uma sociedade mais justa e igualit\u00e1ria. Com a implementa\u00e7\u00e3o de pol\u00edticas p\u00fablicas abrangentes, a amplia\u00e7\u00e3o da rede de atendimento e o fortalecimento das institui\u00e7\u00f5es, a gest\u00e3o municipal busca n\u00e3o apenas apoiar as v\u00edtimas de viol\u00eancia, mas tamb\u00e9m empoder\u00e1-las para que possam trilhar novos caminhos em suas vidas.<\/p>\n","protected":false},"excerpt":{"rendered":"<p>Em homenagem ao Dia Internacional da Mulher, celebrado em 8 de mar\u00e7o, a Prefeitura do Recife apresentou um conjunto abrangente de iniciativas voltadas \u00e0 preven\u00e7\u00e3o da viol\u00eancia contra mulheres e ao fortalecimento de sua autonomia. O prefeito Jo\u00e3o Campos destacou a import\u00e2ncia dessas medidas durante o an\u00fancio realizado ontem, que inclui novas pol\u00edticas p\u00fablicas e [&hellip;]<\/p>\n","protected":false},"author":4,"featured_media":0,"comment_status":"open","ping_status":"open","sticky":false,"template":"","format":"standard","meta":{"footnotes":""},"categories":[361],"tags":[2621,1777,400,2620,666],"class_list":["post-8575","post","type-post","status-publish","format-standard","hentry","category-tvpernambuco","tag-dia-da-mulher","tag-empoderamento","tag-politicas-publicas","tag-recife","tag-violencia"],"_links":{"self":[{"href":"https:\/\/www.7tvs.com.br\/7tvs\/wp-json\/wp\/v2\/posts\/8575","targetHints":{"allow":["GET"]}}],"collection":[{"href":"https:\/\/www.7tvs.com.br\/7tvs\/wp-json\/wp\/v2\/posts"}],"about":[{"href":"https:\/\/www.7tvs.com.br\/7tvs\/wp-json\/wp\/v2\/types\/post"}],"author":[{"embeddable":true,"href":"https:\/\/www.7tvs.com.br\/7tvs\/wp-json\/wp\/v2\/users\/4"}],"replies":[{"embeddable":true,"href":"https:\/\/www.7tvs.com.br\/7tvs\/wp-json\/wp\/v2\/comments?post=8575"}],"version-history":[{"count":0,"href":"https:\/\/www.7tvs.com.br\/7tvs\/wp-json\/wp\/v2\/posts\/8575\/revisions"}],"wp:attachment":[{"href":"https:\/\/www.7tvs.com.br\/7tvs\/wp-json\/wp\/v2\/media?parent=8575"}],"wp:term":[{"taxonomy":"category","embeddable":true,"href":"https:\/\/www.7tvs.com.br\/7tvs\/wp-json\/wp\/v2\/categories?post=8575"},{"taxonomy":"post_tag","embeddable":true,"href":"https:\/\/www.7tvs.com.br\/7tvs\/wp-json\/wp\/v2\/tags?post=8575"}],"curies":[{"name":"wp","href":"https:\/\/api.w.org\/{rel}","templated":true}]}}