{"id":8567,"date":"2026-03-10T00:15:05","date_gmt":"2026-03-10T03:15:05","guid":{"rendered":"https:\/\/www.7tvs.com.br\/7tvs\/2026\/03\/10\/demissao-engenheiro-hospital\/"},"modified":"2026-03-10T00:15:05","modified_gmt":"2026-03-10T03:15:05","slug":"demissao-engenheiro-hospital","status":"publish","type":"post","link":"https:\/\/www.7tvs.com.br\/7tvs\/2026\/03\/10\/demissao-engenheiro-hospital\/","title":{"rendered":"Justi\u00e7a Confirma Demiss\u00e3o de Engenheiro por Uso Indevido de Estrutura Hospitalar"},"content":{"rendered":"\n<p>A Justi\u00e7a do Trabalho do Cear\u00e1 decidiu manter a demiss\u00e3o por justa causa de um engenheiro civil da Santa Casa de Miseric\u00f3rdia de Sobral, em um caso que chamou a aten\u00e7\u00e3o por suas peculiaridades. A senten\u00e7a se baseou em condutas inadequadas do profissional, que inclu\u00edram a autoriza\u00e7\u00e3o para que um funcion\u00e1rio morasse nas depend\u00eancias do hospital e a instala\u00e7\u00e3o de uma churrasqueira em uma das salas da unidade.<\/p>\n\n\n\n<h2 class=\"wp-block-heading\">Condutas Irregulares e Decis\u00e3o Judicial<\/h2>\n\n\n\n<p>De acordo com informa\u00e7\u00f5es do processo, o engenheiro foi flagrado permitindo que um subordinado residisse dentro da institui\u00e7\u00e3o, uma pr\u00e1tica que n\u00e3o estava em suas atribui\u00e7\u00f5es. A ju\u00edza Maria Rafaela de Castro, respons\u00e1vel pela decis\u00e3o, destacou que tal comportamento demonstrou um uso inadequado da estrutura hospitalar. Em sua senten\u00e7a, afirmou: &#039;O autor se utilizava indevidamente do seu cargo e do ambiente de trabalho, autorizando, sem poderes, que um funcion\u00e1rio fosse residir numa sala da Santa Casa.&#039;<\/p>\n\n\n\n<h2 class=\"wp-block-heading\">Irregularidades Adicionais e Uso de Recursos do Hospital<\/h2>\n\n\n\n<p>Al\u00e9m das quest\u00f5es relacionadas \u00e0 moradia, as investiga\u00e7\u00f5es revelaram que o engenheiro estava utilizando a estrutura do hospital para fins comerciais. Testemunhas relataram que ele empregava ve\u00edculos da Santa Casa para realizar entregas de mercadorias de uma loja particular e que produtos, como redes e itens de cama, eram vendidos no pr\u00f3prio local de trabalho. Esses relatos indicam uma s\u00e9ria viola\u00e7\u00e3o das normas de conduta esperadas em uma institui\u00e7\u00e3o de sa\u00fade.<\/p>\n\n\n\n<h2 class=\"wp-block-heading\">Defesa do Engenheiro e Alega\u00e7\u00f5es de Persegui\u00e7\u00e3o<\/h2>\n\n\n\n<p>Em resposta \u00e0 demiss\u00e3o, o engenheiro entrou com uma a\u00e7\u00e3o trabalhista solicitando a revers\u00e3o da decis\u00e3o e alegou ser v\u00edtima de persegui\u00e7\u00e3o pol\u00edtica ap\u00f3s mudan\u00e7as na gest\u00e3o municipal. Al\u00e9m do pedido de reintegra\u00e7\u00e3o, ele requereu diferen\u00e7as salariais, horas extras, adicional de insalubridade, indeniza\u00e7\u00e3o por danos morais e aux\u00edlio-creche. A defesa da Santa Casa argumentou que a demiss\u00e3o foi decorrente de um processo administrativo que garantiu ao trabalhador o direito de defesa.<\/p>\n\n\n\n<h2 class=\"wp-block-heading\">Desdobramentos e Conclus\u00e3o do Processo<\/h2>\n\n\n\n<p>Ap\u00f3s analisar as evid\u00eancias apresentadas, a ju\u00edza concluiu que a Santa Casa conduziu a investiga\u00e7\u00e3o de forma adequada, sancionando o engenheiro por suas a\u00e7\u00f5es. Embora tenha mantido a demiss\u00e3o por justa causa, a decis\u00e3o judicial tamb\u00e9m reconheceu que o engenheiro tinha direito ao pagamento de diferen\u00e7as salariais, fixando o valor em 8,5 sal\u00e1rios m\u00ednimos, considerando que seu sal\u00e1rio de cerca de R$ 6 mil estava abaixo do piso da categoria. Com a manuten\u00e7\u00e3o da justa causa, outros pedidos, como aviso pr\u00e9vio e indeniza\u00e7\u00e3o, foram negados.<\/p>\n\n\n\n<h2 class=\"wp-block-heading\">Repercuss\u00f5es e Futuro do Caso<\/h2>\n\n\n\n<p>A decis\u00e3o ainda pode ser contestada, pois cabe recurso. O munic\u00edpio de Sobral, mencionado no processo, tamb\u00e9m negou qualquer v\u00ednculo empregat\u00edcio com o engenheiro, isentando-se de responsabilidades. O caso levanta preocupa\u00e7\u00f5es sobre o uso correto de recursos em institui\u00e7\u00f5es de sa\u00fade e a necessidade de rigor na gest\u00e3o de cargos p\u00fablicos.<\/p>\n","protected":false},"excerpt":{"rendered":"<p>A Justi\u00e7a do Trabalho do Cear\u00e1 decidiu manter a demiss\u00e3o por justa causa de um engenheiro civil da Santa Casa de Miseric\u00f3rdia de Sobral, em um caso que chamou a aten\u00e7\u00e3o por suas peculiaridades. A senten\u00e7a se baseou em condutas inadequadas do profissional, que inclu\u00edram a autoriza\u00e7\u00e3o para que um funcion\u00e1rio morasse nas depend\u00eancias do [&hellip;]<\/p>\n","protected":false},"author":4,"featured_media":0,"comment_status":"open","ping_status":"open","sticky":false,"template":"","format":"standard","meta":{"footnotes":""},"categories":[435],"tags":[436,2550,2552,1456,630],"class_list":["post-8567","post","type-post","status-publish","format-standard","hentry","category-tvceara","tag-ceara","tag-demissao","tag-engenheiro","tag-hospital","tag-justica"],"_links":{"self":[{"href":"https:\/\/www.7tvs.com.br\/7tvs\/wp-json\/wp\/v2\/posts\/8567","targetHints":{"allow":["GET"]}}],"collection":[{"href":"https:\/\/www.7tvs.com.br\/7tvs\/wp-json\/wp\/v2\/posts"}],"about":[{"href":"https:\/\/www.7tvs.com.br\/7tvs\/wp-json\/wp\/v2\/types\/post"}],"author":[{"embeddable":true,"href":"https:\/\/www.7tvs.com.br\/7tvs\/wp-json\/wp\/v2\/users\/4"}],"replies":[{"embeddable":true,"href":"https:\/\/www.7tvs.com.br\/7tvs\/wp-json\/wp\/v2\/comments?post=8567"}],"version-history":[{"count":0,"href":"https:\/\/www.7tvs.com.br\/7tvs\/wp-json\/wp\/v2\/posts\/8567\/revisions"}],"wp:attachment":[{"href":"https:\/\/www.7tvs.com.br\/7tvs\/wp-json\/wp\/v2\/media?parent=8567"}],"wp:term":[{"taxonomy":"category","embeddable":true,"href":"https:\/\/www.7tvs.com.br\/7tvs\/wp-json\/wp\/v2\/categories?post=8567"},{"taxonomy":"post_tag","embeddable":true,"href":"https:\/\/www.7tvs.com.br\/7tvs\/wp-json\/wp\/v2\/tags?post=8567"}],"curies":[{"name":"wp","href":"https:\/\/api.w.org\/{rel}","templated":true}]}}