{"id":8566,"date":"2026-03-10T00:15:04","date_gmt":"2026-03-10T03:15:04","guid":{"rendered":"https:\/\/www.7tvs.com.br\/7tvs\/2026\/03\/10\/engenheiro-demitido-hospital\/"},"modified":"2026-03-10T00:15:04","modified_gmt":"2026-03-10T03:15:04","slug":"engenheiro-demitido-hospital","status":"publish","type":"post","link":"https:\/\/www.7tvs.com.br\/7tvs\/2026\/03\/10\/engenheiro-demitido-hospital\/","title":{"rendered":"Engenheiro Demitido por Uso Indevido de Estrutura em Hospital: Decis\u00e3o Judicial Mantida"},"content":{"rendered":"\n<p>A Justi\u00e7a do Trabalho no Cear\u00e1 confirmou a demiss\u00e3o por justa causa de um engenheiro civil da Santa Casa de Miseric\u00f3rdia de Sobral, devido a v\u00e1rias irregularidades, incluindo a autoriza\u00e7\u00e3o para que um funcion\u00e1rio morasse dentro da unidade hospitalar e a instala\u00e7\u00e3o de uma churrasqueira em uma das salas.<\/p>\n\n\n\n<h2 class=\"wp-block-heading\">Circunst\u00e2ncias da Demiss\u00e3o<\/h2>\n\n\n\n<p>O caso foi julgado pela ju\u00edza Maria Rafaela de Castro, da 2\u00aa Vara do Trabalho de Sobral, que considerou as a\u00e7\u00f5es do engenheiro como um uso impr\u00f3prio da estrutura do hospital. Segundo a ju\u00edza, o engenheiro n\u00e3o tinha a autoridade necess\u00e1ria para permitir que um funcion\u00e1rio residisse no hospital, nem para realizar modifica\u00e7\u00f5es nas instala\u00e7\u00f5es.<\/p>\n\n\n\n<h2 class=\"wp-block-heading\">Irregularidades e Abusos<\/h2>\n\n\n\n<p>Durante as investiga\u00e7\u00f5es, testemunhas relataram que o engenheiro utilizava a infraestrutura da Santa Casa para atividades comerciais. Ele teria permitido que subordinados usassem ve\u00edculos da institui\u00e7\u00e3o para entregar mercadorias de uma loja particular. Al\u00e9m disso, foram mencionadas vendas de produtos diretamente em sua sala de trabalho, o que configuraria uma viola\u00e7\u00e3o das normas internas.<\/p>\n\n\n\n<h2 class=\"wp-block-heading\">Defesa e Alega\u00e7\u00f5es do Engenheiro<\/h2>\n\n\n\n<p>O engenheiro contestou sua demiss\u00e3o, alegando ser alvo de persegui\u00e7\u00e3o pol\u00edtica ap\u00f3s a mudan\u00e7a na administra\u00e7\u00e3o municipal. Em sua a\u00e7\u00e3o, ele reivindicou a revers\u00e3o da demiss\u00e3o, solicitando ainda diferen\u00e7as salariais, horas extras, e indeniza\u00e7\u00e3o por danos morais, entre outros.<\/p>\n\n\n\n<h2 class=\"wp-block-heading\">Resposta da Institui\u00e7\u00e3o e do Munic\u00edpio<\/h2>\n\n\n\n<p>A Santa Casa de Miseric\u00f3rdia de Sobral defendeu a legalidade do processo administrativo que levou \u00e0 demiss\u00e3o, garantindo que o engenheiro teve a oportunidade de se defender e que as faltas cometidas foram graves o suficiente para justificar a rescis\u00e3o do contrato de trabalho. O Munic\u00edpio de Sobral, por sua vez, negou qualquer v\u00ednculo empregat\u00edcio com o engenheiro e se isentou de responsabilidade no caso.<\/p>\n\n\n\n<h2 class=\"wp-block-heading\">Decis\u00e3o Judicial e Consequ\u00eancias<\/h2>\n\n\n\n<p>Ap\u00f3s a an\u00e1lise das evid\u00eancias, a ju\u00edza reafirmou a decis\u00e3o de demitir o engenheiro por justa causa, destacando que at\u00e9 mesmo mensagens dele corroboravam as acusa\u00e7\u00f5es. Apesar de manter a demiss\u00e3o, a magistrada reconheceu que havia diferen\u00e7as salariais a serem pagas, determinando que a Santa Casa quitasse valores correspondentes ao piso salarial da categoria, que \u00e9 de 8,5 sal\u00e1rios m\u00ednimos.<\/p>\n\n\n\n<h2 class=\"wp-block-heading\">Pr\u00f3ximos Passos e Recursos<\/h2>\n\n\n\n<p>Em decorr\u00eancia da decis\u00e3o, o engenheiro n\u00e3o receber\u00e1 benef\u00edcios como aviso pr\u00e9vio e indeniza\u00e7\u00e3o por danos morais, uma vez que a demiss\u00e3o foi mantida. A senten\u00e7a ainda permite que o engenheiro recorra da decis\u00e3o, dando a ele a oportunidade de contestar os resultados obtidos at\u00e9 o momento.<\/p>\n\n\n\n<p>O caso levanta quest\u00f5es sobre a utiliza\u00e7\u00e3o de recursos em institui\u00e7\u00f5es de sa\u00fade e os limites da autoridade dos funcion\u00e1rios, al\u00e9m de evidenciar a import\u00e2ncia de processos administrativos claros e justos.<\/p>\n","protected":false},"excerpt":{"rendered":"<p>A Justi\u00e7a do Trabalho no Cear\u00e1 confirmou a demiss\u00e3o por justa causa de um engenheiro civil da Santa Casa de Miseric\u00f3rdia de Sobral, devido a v\u00e1rias irregularidades, incluindo a autoriza\u00e7\u00e3o para que um funcion\u00e1rio morasse dentro da unidade hospitalar e a instala\u00e7\u00e3o de uma churrasqueira em uma das salas. Circunst\u00e2ncias da Demiss\u00e3o O caso foi [&hellip;]<\/p>\n","protected":false},"author":4,"featured_media":8577,"comment_status":"open","ping_status":"open","sticky":false,"template":"","format":"standard","meta":{"footnotes":""},"categories":[435],"tags":[436,2550,2552,1456,630],"class_list":["post-8566","post","type-post","status-publish","format-standard","has-post-thumbnail","hentry","category-tvceara","tag-ceara","tag-demissao","tag-engenheiro","tag-hospital","tag-justica"],"_links":{"self":[{"href":"https:\/\/www.7tvs.com.br\/7tvs\/wp-json\/wp\/v2\/posts\/8566","targetHints":{"allow":["GET"]}}],"collection":[{"href":"https:\/\/www.7tvs.com.br\/7tvs\/wp-json\/wp\/v2\/posts"}],"about":[{"href":"https:\/\/www.7tvs.com.br\/7tvs\/wp-json\/wp\/v2\/types\/post"}],"author":[{"embeddable":true,"href":"https:\/\/www.7tvs.com.br\/7tvs\/wp-json\/wp\/v2\/users\/4"}],"replies":[{"embeddable":true,"href":"https:\/\/www.7tvs.com.br\/7tvs\/wp-json\/wp\/v2\/comments?post=8566"}],"version-history":[{"count":0,"href":"https:\/\/www.7tvs.com.br\/7tvs\/wp-json\/wp\/v2\/posts\/8566\/revisions"}],"wp:featuredmedia":[{"embeddable":true,"href":"https:\/\/www.7tvs.com.br\/7tvs\/wp-json\/wp\/v2\/media\/8577"}],"wp:attachment":[{"href":"https:\/\/www.7tvs.com.br\/7tvs\/wp-json\/wp\/v2\/media?parent=8566"}],"wp:term":[{"taxonomy":"category","embeddable":true,"href":"https:\/\/www.7tvs.com.br\/7tvs\/wp-json\/wp\/v2\/categories?post=8566"},{"taxonomy":"post_tag","embeddable":true,"href":"https:\/\/www.7tvs.com.br\/7tvs\/wp-json\/wp\/v2\/tags?post=8566"}],"curies":[{"name":"wp","href":"https:\/\/api.w.org\/{rel}","templated":true}]}}