{"id":8561,"date":"2026-03-10T00:13:58","date_gmt":"2026-03-10T03:13:58","guid":{"rendered":"https:\/\/www.7tvs.com.br\/7tvs\/2026\/03\/10\/predio-historico-sao-paulo\/"},"modified":"2026-03-10T00:13:58","modified_gmt":"2026-03-10T03:13:58","slug":"predio-historico-sao-paulo","status":"publish","type":"post","link":"https:\/\/www.7tvs.com.br\/7tvs\/2026\/03\/10\/predio-historico-sao-paulo\/","title":{"rendered":"Pr\u00e9dio Hist\u00f3rico em S\u00e3o Paulo Pode Perder Prote\u00e7\u00e3o Ap\u00f3s Pedido da Propriet\u00e1ria"},"content":{"rendered":"\n<p>Um edif\u00edcio tombado como patrim\u00f4nio hist\u00f3rico em S\u00e3o Paulo pode ter sua prote\u00e7\u00e3o revogada devido a um pedido formal de sua propriet\u00e1ria. Localizado na Avenida Ang\u00e9lica, em Higien\u00f3polis, o pr\u00e9dio foi reconhecido em 2024 pelo Conselho Municipal de Preserva\u00e7\u00e3o do Patrim\u00f4nio Hist\u00f3rico, Cultural e Ambiental da Cidade de S\u00e3o Paulo (Conpresp).<\/p>\n\n\n\n<h2 class=\"wp-block-heading\">Argumentos para o Destombamento<\/h2>\n\n\n\n<p>A empresa respons\u00e1vel pelo im\u00f3vel protocolou um recurso alegando que a constru\u00e7\u00e3o n\u00e3o possui relev\u00e2ncia arquitet\u00f4nica, urban\u00edstica ou afetiva. A edifica\u00e7\u00e3o abriga a Escola Panamericana de Arte e Design e \u00e9 not\u00f3ria por sua arquitetura distintiva, caracterizada pela estrutura met\u00e1lica vermelha e pelos t\u00faneis cil\u00edndricos que formam as pontes de acesso.<\/p>\n\n\n\n<h2 class=\"wp-block-heading\">Import\u00e2ncia Arquitet\u00f4nica do Pr\u00e9dio<\/h2>\n\n\n\n<p>O projeto, assinado pelo arquiteto Siegbert Zanettini, foi desenvolvido entre as d\u00e9cadas de 1970 e 2000, refletindo o estilo da arquitetura p\u00f3s-moderna. Em defesa do tombamento, o Conselho de Arquitetura e Urbanismo (CAU) argumenta que o edif\u00edcio \u00e9 um exemplo significativo da pr\u00e1tica arquitet\u00f4nica paulista desse per\u00edodo, destacando suas caracter\u00edsticas construtivas e seu impacto visual na \u00e1rea.<\/p>\n\n\n\n<h2 class=\"wp-block-heading\">Processo de Tombamento e Implica\u00e7\u00f5es<\/h2>\n\n\n\n<p>O processo de tombamento foi iniciado ap\u00f3s a demoli\u00e7\u00e3o de outro pr\u00e9dio da mesma escola, localizado na Rua Groenl\u00e2ndia, em 2021, que tamb\u00e9m era projetado por Zanettini. A falta de prote\u00e7\u00e3o patrimonial permitiu a transforma\u00e7\u00e3o do local em um edif\u00edcio residencial de alto padr\u00e3o, levantando quest\u00f5es sobre a preserva\u00e7\u00e3o do patrim\u00f4nio arquitet\u00f4nico na cidade.<\/p>\n\n\n\n<h2 class=\"wp-block-heading\">Pr\u00f3ximos Passos e Acompanhamento<\/h2>\n\n\n\n<p>A vota\u00e7\u00e3o sobre o pedido de destombamento estava agendada para o dia 9 de outubro, mas foi adiada. O presidente do Conpresp atendeu ao pedido da propriet\u00e1ria para que os conselheiros realizem uma visita ao local antes de tomar uma decis\u00e3o final. A nova data para a reuni\u00e3o ainda n\u00e3o foi estabelecida.<\/p>\n\n\n\n<h2 class=\"wp-block-heading\">Debate Sobre Preserva\u00e7\u00e3o do Patrim\u00f4nio<\/h2>\n\n\n\n<p>A situa\u00e7\u00e3o do pr\u00e9dio na Avenida Ang\u00e9lica \u00e9 um reflexo de um debate mais amplo sobre a preserva\u00e7\u00e3o do patrim\u00f4nio arquitet\u00f4nico em S\u00e3o Paulo. Recentemente, outros casos de demoli\u00e7\u00f5es de edif\u00edcios hist\u00f3ricos, como um projeto do arquiteto modernista Rino Levi, levantaram preocupa\u00e7\u00f5es sobre a efic\u00e1cia das pol\u00edticas de prote\u00e7\u00e3o patrimonial e a necessidade de um consenso sobre a relev\u00e2ncia cultural e hist\u00f3rica das constru\u00e7\u00f5es.<\/p>\n\n\n\n<p>A discuss\u00e3o em torno do tombamento do pr\u00e9dio da Escola Panamericana ilustra a tens\u00e3o entre desenvolvimento urbano e a conserva\u00e7\u00e3o do legado arquitet\u00f4nico, enfatizando a import\u00e2ncia de um di\u00e1logo cont\u00ednuo entre as partes envolvidas para garantir a prote\u00e7\u00e3o do patrim\u00f4nio cultural da cidade.<\/p>\n","protected":false},"excerpt":{"rendered":"<p>Um edif\u00edcio tombado como patrim\u00f4nio hist\u00f3rico em S\u00e3o Paulo pode ter sua prote\u00e7\u00e3o revogada devido a um pedido formal de sua propriet\u00e1ria. Localizado na Avenida Ang\u00e9lica, em Higien\u00f3polis, o pr\u00e9dio foi reconhecido em 2024 pelo Conselho Municipal de Preserva\u00e7\u00e3o do Patrim\u00f4nio Hist\u00f3rico, Cultural e Ambiental da Cidade de S\u00e3o Paulo (Conpresp). Argumentos para o Destombamento [&hellip;]<\/p>\n","protected":false},"author":4,"featured_media":0,"comment_status":"open","ping_status":"open","sticky":false,"template":"","format":"standard","meta":{"footnotes":""},"categories":[395],"tags":[826,1636,2608,515,2607],"class_list":["post-8561","post","type-post","status-publish","format-standard","hentry","category-tvsaopaulo","tag-arquitetura","tag-patrimonio","tag-preservacao","tag-sao-paulo","tag-tombamento"],"_links":{"self":[{"href":"https:\/\/www.7tvs.com.br\/7tvs\/wp-json\/wp\/v2\/posts\/8561","targetHints":{"allow":["GET"]}}],"collection":[{"href":"https:\/\/www.7tvs.com.br\/7tvs\/wp-json\/wp\/v2\/posts"}],"about":[{"href":"https:\/\/www.7tvs.com.br\/7tvs\/wp-json\/wp\/v2\/types\/post"}],"author":[{"embeddable":true,"href":"https:\/\/www.7tvs.com.br\/7tvs\/wp-json\/wp\/v2\/users\/4"}],"replies":[{"embeddable":true,"href":"https:\/\/www.7tvs.com.br\/7tvs\/wp-json\/wp\/v2\/comments?post=8561"}],"version-history":[{"count":0,"href":"https:\/\/www.7tvs.com.br\/7tvs\/wp-json\/wp\/v2\/posts\/8561\/revisions"}],"wp:attachment":[{"href":"https:\/\/www.7tvs.com.br\/7tvs\/wp-json\/wp\/v2\/media?parent=8561"}],"wp:term":[{"taxonomy":"category","embeddable":true,"href":"https:\/\/www.7tvs.com.br\/7tvs\/wp-json\/wp\/v2\/categories?post=8561"},{"taxonomy":"post_tag","embeddable":true,"href":"https:\/\/www.7tvs.com.br\/7tvs\/wp-json\/wp\/v2\/tags?post=8561"}],"curies":[{"name":"wp","href":"https:\/\/api.w.org\/{rel}","templated":true}]}}