{"id":8558,"date":"2026-03-10T00:13:07","date_gmt":"2026-03-10T03:13:07","guid":{"rendered":"https:\/\/www.7tvs.com.br\/7tvs\/2026\/03\/10\/acidente-barragem-rn\/"},"modified":"2026-03-10T00:13:07","modified_gmt":"2026-03-10T03:13:07","slug":"acidente-barragem-rn","status":"publish","type":"post","link":"https:\/\/www.7tvs.com.br\/7tvs\/2026\/03\/10\/acidente-barragem-rn\/","title":{"rendered":"Investiga\u00e7\u00e3o Aprofundada Sobre Acidente Tr\u00e1gico em Barragem no RN"},"content":{"rendered":"\n<p>No \u00faltimo domingo, 9 de outubro, um tr\u00e1gico acidente na Barragem Boqueir\u00e3o, localizada em Parelhas, na Regi\u00e3o Serid\u00f3 do Rio Grande do Norte, resultou na morte de um homem de 33 anos e uma adolescente de 17. O ve\u00edculo em que estavam afundou na represa, levantando preocupa\u00e7\u00f5es sobre poss\u00edveis falhas mec\u00e2nicas.<\/p>\n\n\n\n<h2 class=\"wp-block-heading\">As V\u00edtimas e o Acidente<\/h2>\n\n\n\n<p>As v\u00edtimas foram identificadas como Danilo Soares Barbosa e Jaqueline Cristina Lima de Oliveira. No momento do acidente, eles estavam aproveitando um dia de lazer na barragem, que \u00e9 um ponto popular para banhistas, especialmente nos fins de semana. Relatos indicam que o carro estava estacionado em uma ladeira e, ao tentar deixar o local, desceu desgovernado em dire\u00e7\u00e3o \u00e0 \u00e1gua.<\/p>\n\n\n\n<h2 class=\"wp-block-heading\">A Resposta das Autoridades<\/h2>\n\n\n\n<p>A Pol\u00edcia Civil, liderada pelo delegado T\u00e1ssio Melo, iniciou uma investiga\u00e7\u00e3o para determinar as causas do acidente. O ve\u00edculo foi apreendido e ser\u00e1 submetido a uma per\u00edcia pela Pol\u00edcia Cient\u00edfica do Rio Grande do Norte, com o intuito de verificar se houve falhas nos sistemas de freio, conforme relatado por testemunhas no local.<\/p>\n\n\n\n<h2 class=\"wp-block-heading\">Relatos de Testemunhas e Busca por Respostas<\/h2>\n\n\n\n<p>De acordo com o delegado, a primeira hip\u00f3tese levantada \u00e9 que problemas no sistema de freios do carro tenham contribu\u00eddo para que o ve\u00edculo descesse em dire\u00e7\u00e3o \u00e0 \u00e1gua. As investiga\u00e7\u00f5es incluem o depoimento de v\u00e1rias testemunhas, al\u00e9m do irm\u00e3o de Jaqueline, um adolescente de 13 anos, que conseguiu escapar do carro antes que ele submergisse.<\/p>\n\n\n\n<h2 class=\"wp-block-heading\">Opera\u00e7\u00e3o de Resgate e Dificuldades Enfrentadas<\/h2>\n\n\n\n<p>O Corpo de Bombeiros Militar do Rio Grande do Norte foi acionado e enviou mergulhadores para realizar as buscas. O ve\u00edculo foi encontrado a uma profundidade de cerca de cinco metros, e os corpos das v\u00edtimas estavam ainda dentro do carro. O tenente-coronel Lima Verde, comandante da opera\u00e7\u00e3o, relatou que as \u00e1guas turvas dificultaram o trabalho, exigindo uma busca cuidadosa e met\u00f3dica.<\/p>\n\n\n\n<h2 class=\"wp-block-heading\">Conclus\u00e3o e Pr\u00f3ximos Passos<\/h2>\n\n\n\n<p>Os corpos foram posteriormente retirados da \u00e1gua e encaminhados para per\u00edcia. A investiga\u00e7\u00e3o continua em andamento, visando esclarecer todos os detalhes que levaram a esse acidente tr\u00e1gico. A pol\u00edcia n\u00e3o descarta nenhuma hip\u00f3tese e segue comprometida em trazer respostas para as fam\u00edlias afetadas por esta trag\u00e9dia.<\/p>\n","protected":false},"excerpt":{"rendered":"<p>No \u00faltimo domingo, 9 de outubro, um tr\u00e1gico acidente na Barragem Boqueir\u00e3o, localizada em Parelhas, na Regi\u00e3o Serid\u00f3 do Rio Grande do Norte, resultou na morte de um homem de 33 anos e uma adolescente de 17. O ve\u00edculo em que estavam afundou na represa, levantando preocupa\u00e7\u00f5es sobre poss\u00edveis falhas mec\u00e2nicas. As V\u00edtimas e o [&hellip;]<\/p>\n","protected":false},"author":4,"featured_media":8570,"comment_status":"open","ping_status":"open","sticky":false,"template":"","format":"standard","meta":{"footnotes":""},"categories":[15],"tags":[674,2602,759,2603,754],"class_list":["post-8558","post","type-post","status-publish","format-standard","has-post-thumbnail","hentry","category-tvriograndedonorte","tag-acidente","tag-barragem","tag-investigacao","tag-parelhas","tag-tragedia"],"_links":{"self":[{"href":"https:\/\/www.7tvs.com.br\/7tvs\/wp-json\/wp\/v2\/posts\/8558","targetHints":{"allow":["GET"]}}],"collection":[{"href":"https:\/\/www.7tvs.com.br\/7tvs\/wp-json\/wp\/v2\/posts"}],"about":[{"href":"https:\/\/www.7tvs.com.br\/7tvs\/wp-json\/wp\/v2\/types\/post"}],"author":[{"embeddable":true,"href":"https:\/\/www.7tvs.com.br\/7tvs\/wp-json\/wp\/v2\/users\/4"}],"replies":[{"embeddable":true,"href":"https:\/\/www.7tvs.com.br\/7tvs\/wp-json\/wp\/v2\/comments?post=8558"}],"version-history":[{"count":0,"href":"https:\/\/www.7tvs.com.br\/7tvs\/wp-json\/wp\/v2\/posts\/8558\/revisions"}],"wp:featuredmedia":[{"embeddable":true,"href":"https:\/\/www.7tvs.com.br\/7tvs\/wp-json\/wp\/v2\/media\/8570"}],"wp:attachment":[{"href":"https:\/\/www.7tvs.com.br\/7tvs\/wp-json\/wp\/v2\/media?parent=8558"}],"wp:term":[{"taxonomy":"category","embeddable":true,"href":"https:\/\/www.7tvs.com.br\/7tvs\/wp-json\/wp\/v2\/categories?post=8558"},{"taxonomy":"post_tag","embeddable":true,"href":"https:\/\/www.7tvs.com.br\/7tvs\/wp-json\/wp\/v2\/tags?post=8558"}],"curies":[{"name":"wp","href":"https:\/\/api.w.org\/{rel}","templated":true}]}}