{"id":8557,"date":"2026-03-10T00:12:46","date_gmt":"2026-03-10T03:12:46","guid":{"rendered":"https:\/\/www.7tvs.com.br\/7tvs\/2026\/03\/10\/tragedia-dia-internacional-mulher\/"},"modified":"2026-03-10T00:12:46","modified_gmt":"2026-03-10T03:12:46","slug":"tragedia-dia-internacional-mulher","status":"publish","type":"post","link":"https:\/\/www.7tvs.com.br\/7tvs\/2026\/03\/10\/tragedia-dia-internacional-mulher\/","title":{"rendered":"Trag\u00e9dia no Dia Internacional da Mulher: Jovem \u00e9 Morta pelo Companheiro no Paran\u00e1"},"content":{"rendered":"\n<p>No \u00faltimo domingo, 8 de mar\u00e7o, Dia Internacional da Mulher, uma trag\u00e9dia abalou a cidade de Ibaiti, no norte do Paran\u00e1. Franciele Silva dos Santos C\u00e2ndido, de 34 anos, foi brutalmente assassinada por seu companheiro, em um ato de viol\u00eancia que destacou a necessidade urgente de discutir a viol\u00eancia de g\u00eanero na sociedade.<\/p>\n\n\n\n<h2 class=\"wp-block-heading\">Circunst\u00e2ncias do Crime<\/h2>\n\n\n\n<p>De acordo com informa\u00e7\u00f5es da Pol\u00edcia Civil, o crime ocorreu ap\u00f3s uma discuss\u00e3o entre o casal, que estava junto h\u00e1 cerca de tr\u00eas anos. O namorado, de 32 anos, procurou um sargento da Pol\u00edcia Militar para se entregar, confessando sua a\u00e7\u00e3o. Ao chegar \u00e0 cena do crime, a equipe policial encontrou Franciele sem vida, apresentando sinais de asfixia e diversas perfura\u00e7\u00f5es provocadas por uma faca.<\/p>\n\n\n\n<h2 class=\"wp-block-heading\">Motiva\u00e7\u00e3o e Contexto<\/h2>\n\n\n\n<p>As primeiras investiga\u00e7\u00f5es indicam que o desentendimento foi gerado por ci\u00fames, exacerbados pelo consumo de \u00e1lcool e drogas por parte do agressor. A brutalidade do crime, especialmente na data que simboliza a luta pelos direitos das mulheres, chocou a comunidade e gerou uma forte rea\u00e7\u00e3o da Pol\u00edcia Civil, que expressou seu pesar e indigna\u00e7\u00e3o em nota oficial.<\/p>\n\n\n\n<h2 class=\"wp-block-heading\">O Agressor e Suas Antecedentes<\/h2>\n\n\n\n<p>O autor do assassinato j\u00e1 possu\u00eda registros anteriores relacionados \u00e0 viol\u00eancia dom\u00e9stica contra uma ex-companheira. A faca utilizada no crime foi encontrada em um quintal pr\u00f3ximo, onde ele a havia descartado durante sua fuga. O agressor foi preso e se encontra \u00e0 disposi\u00e7\u00e3o da Justi\u00e7a, enquanto a investiga\u00e7\u00e3o do caso prossegue.<\/p>\n\n\n\n<h2 class=\"wp-block-heading\">Reflex\u00e3o sobre a Viol\u00eancia de G\u00eanero<\/h2>\n\n\n\n<p>Este tr\u00e1gico incidente n\u00e3o apenas marca a vida de Franciele, mas tamb\u00e9m ressalta a urg\u00eancia de se abordar a quest\u00e3o da viol\u00eancia contra a mulher de forma ampla e eficaz. O Dia Internacional da Mulher, que deveria ser um momento de celebra\u00e7\u00e3o e reflex\u00e3o sobre as conquistas femininas, se transforma em um lembrete sombrio da luta ainda necess\u00e1ria para garantir a seguran\u00e7a e os direitos das mulheres.<\/p>\n\n\n\n<h2 class=\"wp-block-heading\">Conclus\u00e3o<\/h2>\n\n\n\n<p>A morte de Franciele Silva dos Santos C\u00e2ndido \u00e9 um triste exemplo do que pode acontecer em situa\u00e7\u00f5es de viol\u00eancia dom\u00e9stica. \u00c9 essencial que a sociedade se una para discutir e combater esse tipo de crime, promovendo um ambiente mais seguro para todas as mulheres. Somente por meio da conscientiza\u00e7\u00e3o e a\u00e7\u00f5es efetivas ser\u00e1 poss\u00edvel reduzir esses \u00edndices alarmantes de viol\u00eancia e proteger as vidas que ainda est\u00e3o em risco.<\/p>\n","protected":false},"excerpt":{"rendered":"<p>No \u00faltimo domingo, 8 de mar\u00e7o, Dia Internacional da Mulher, uma trag\u00e9dia abalou a cidade de Ibaiti, no norte do Paran\u00e1. Franciele Silva dos Santos C\u00e2ndido, de 34 anos, foi brutalmente assassinada por seu companheiro, em um ato de viol\u00eancia que destacou a necessidade urgente de discutir a viol\u00eancia de g\u00eanero na sociedade. Circunst\u00e2ncias do [&hellip;]<\/p>\n","protected":false},"author":4,"featured_media":0,"comment_status":"open","ping_status":"open","sticky":false,"template":"","format":"standard","meta":{"footnotes":""},"categories":[367],"tags":[347,2601,633,1221,666],"class_list":["post-8557","post","type-post","status-publish","format-standard","hentry","category-tvparana","tag-mulheres","tag-ciumes","tag-direitos","tag-parana","tag-violencia"],"_links":{"self":[{"href":"https:\/\/www.7tvs.com.br\/7tvs\/wp-json\/wp\/v2\/posts\/8557","targetHints":{"allow":["GET"]}}],"collection":[{"href":"https:\/\/www.7tvs.com.br\/7tvs\/wp-json\/wp\/v2\/posts"}],"about":[{"href":"https:\/\/www.7tvs.com.br\/7tvs\/wp-json\/wp\/v2\/types\/post"}],"author":[{"embeddable":true,"href":"https:\/\/www.7tvs.com.br\/7tvs\/wp-json\/wp\/v2\/users\/4"}],"replies":[{"embeddable":true,"href":"https:\/\/www.7tvs.com.br\/7tvs\/wp-json\/wp\/v2\/comments?post=8557"}],"version-history":[{"count":0,"href":"https:\/\/www.7tvs.com.br\/7tvs\/wp-json\/wp\/v2\/posts\/8557\/revisions"}],"wp:attachment":[{"href":"https:\/\/www.7tvs.com.br\/7tvs\/wp-json\/wp\/v2\/media?parent=8557"}],"wp:term":[{"taxonomy":"category","embeddable":true,"href":"https:\/\/www.7tvs.com.br\/7tvs\/wp-json\/wp\/v2\/categories?post=8557"},{"taxonomy":"post_tag","embeddable":true,"href":"https:\/\/www.7tvs.com.br\/7tvs\/wp-json\/wp\/v2\/tags?post=8557"}],"curies":[{"name":"wp","href":"https:\/\/api.w.org\/{rel}","templated":true}]}}