{"id":8556,"date":"2026-03-10T00:12:31","date_gmt":"2026-03-10T03:12:31","guid":{"rendered":"https:\/\/www.7tvs.com.br\/7tvs\/2026\/03\/10\/museu-imagem-som-fechamento\/"},"modified":"2026-03-10T00:12:31","modified_gmt":"2026-03-10T03:12:31","slug":"museu-imagem-som-fechamento","status":"publish","type":"post","link":"https:\/\/www.7tvs.com.br\/7tvs\/2026\/03\/10\/museu-imagem-som-fechamento\/","title":{"rendered":"Museu da Imagem e do Som de Cuiab\u00e1 Fecha Ap\u00f3s Desabamento de Im\u00f3vel Vizinhos"},"content":{"rendered":"\n<p>O Museu da Imagem e do Som (Misc), localizado em Cuiab\u00e1, Mato Grosso, suspendeu suas atividades por tempo indeterminado a partir de segunda-feira, 9 de outubro. A decis\u00e3o foi tomada ap\u00f3s o colapso de um edif\u00edcio vizinho, o que levantou preocupa\u00e7\u00f5es sobre a seguran\u00e7a estrutural do museu.<\/p>\n\n\n\n<h2 class=\"wp-block-heading\">Recomenda\u00e7\u00f5es do Iphan e Vistoria<\/h2>\n\n\n\n<p>A recomenda\u00e7\u00e3o para o fechamento foi emitida pelo Instituto do Patrim\u00f4nio Hist\u00f3rico e Art\u00edstico Nacional (Iphan). Uma vistoria realizada no local identificou riscos significativos que exigem interven\u00e7\u00f5es e avalia\u00e7\u00f5es t\u00e9cnicas detalhadas, visando assegurar a integridade tanto dos funcion\u00e1rios quanto dos visitantes.<\/p>\n\n\n\n<h2 class=\"wp-block-heading\">Medidas da Prefeitura<\/h2>\n\n\n\n<p>Diante da situa\u00e7\u00e3o, a administra\u00e7\u00e3o municipal decidiu que o Museu da Imagem e do Som permanecer\u00e1 fechado at\u00e9 que todas as interven\u00e7\u00f5es necess\u00e1rias sejam finalizadas. A prefeitura garantiu que assim que as condi\u00e7\u00f5es de seguran\u00e7a forem restabelecidas, as atividades do museu ser\u00e3o retomadas.<\/p>\n\n\n\n<h2 class=\"wp-block-heading\">Hist\u00f3rico do Museu<\/h2>\n\n\n\n<p>Inaugurado em 2006, o Museu da Imagem e do Som, tamb\u00e9m conhecido como L\u00e1zaro Pappazian, foi criado com o intuito de se tornar um centro cultural que preserva a mem\u00f3ria e a diversidade das culturas de Cuiab\u00e1 e do estado de Mato Grosso. O museu \u00e9 um importante espa\u00e7o para a pesquisa sobre a hist\u00f3ria local e abriga exposi\u00e7\u00f5es, mostras de fotografia e v\u00eddeos que refletem a vida cuiabana.<\/p>\n\n\n\n<h2 class=\"wp-block-heading\">Restaura\u00e7\u00e3o Recente<\/h2>\n\n\n\n<p>Em 2018, o museu passou por um processo de restaura\u00e7\u00e3o abrangente, que incluiu nova pintura, substitui\u00e7\u00e3o da instala\u00e7\u00e3o el\u00e9trica, pavimenta\u00e7\u00e3o e revestimento de pisos e paredes, al\u00e9m da instala\u00e7\u00e3o de equipamentos de combate a inc\u00eandios. Essas melhorias visavam n\u00e3o apenas modernizar o espa\u00e7o, mas tamb\u00e9m garantir a seguran\u00e7a dos visitantes.<\/p>\n\n\n\n<h2 class=\"wp-block-heading\">Impacto Cultural<\/h2>\n\n\n\n<p>O Museu da Imagem e do Som desempenha um papel crucial na valoriza\u00e7\u00e3o da cultura regional, promovendo atividades que destacam a rica hist\u00f3ria e as tradi\u00e7\u00f5es de Cuiab\u00e1. Com seu acervo diversificado, o museu contribui para a forma\u00e7\u00e3o de uma identidade cultural s\u00f3lida, servindo como um elo entre o passado e o presente da comunidade.<\/p>\n\n\n\n<h2 class=\"wp-block-heading\">Expectativas para o Futuro<\/h2>\n\n\n\n<p>A expectativa \u00e9 que, ap\u00f3s a conclus\u00e3o das obras e a realiza\u00e7\u00e3o das adequa\u00e7\u00f5es necess\u00e1rias, o museu possa novamente abrir suas portas ao p\u00fablico, continuando a sua miss\u00e3o de promover e preservar a cultura local. A comunidade aguarda ansiosamente por novidades sobre a reabertura e a continuidade das atividades que tanto enriquecem a vida cultural da cidade.<\/p>\n","protected":false},"excerpt":{"rendered":"<p>O Museu da Imagem e do Som (Misc), localizado em Cuiab\u00e1, Mato Grosso, suspendeu suas atividades por tempo indeterminado a partir de segunda-feira, 9 de outubro. A decis\u00e3o foi tomada ap\u00f3s o colapso de um edif\u00edcio vizinho, o que levantou preocupa\u00e7\u00f5es sobre a seguran\u00e7a estrutural do museu. Recomenda\u00e7\u00f5es do Iphan e Vistoria A recomenda\u00e7\u00e3o para [&hellip;]<\/p>\n","protected":false},"author":4,"featured_media":8564,"comment_status":"open","ping_status":"open","sticky":false,"template":"","format":"standard","meta":{"footnotes":""},"categories":[360],"tags":[932,659,964,2600,2599,2598,637],"class_list":["post-8556","post","type-post","status-publish","format-standard","has-post-thumbnail","hentry","category-tvmatogrosso","tag-cuiaba","tag-cultura","tag-desabamento","tag-fechamento","tag-iphan","tag-museu","tag-seguranca"],"_links":{"self":[{"href":"https:\/\/www.7tvs.com.br\/7tvs\/wp-json\/wp\/v2\/posts\/8556","targetHints":{"allow":["GET"]}}],"collection":[{"href":"https:\/\/www.7tvs.com.br\/7tvs\/wp-json\/wp\/v2\/posts"}],"about":[{"href":"https:\/\/www.7tvs.com.br\/7tvs\/wp-json\/wp\/v2\/types\/post"}],"author":[{"embeddable":true,"href":"https:\/\/www.7tvs.com.br\/7tvs\/wp-json\/wp\/v2\/users\/4"}],"replies":[{"embeddable":true,"href":"https:\/\/www.7tvs.com.br\/7tvs\/wp-json\/wp\/v2\/comments?post=8556"}],"version-history":[{"count":0,"href":"https:\/\/www.7tvs.com.br\/7tvs\/wp-json\/wp\/v2\/posts\/8556\/revisions"}],"wp:featuredmedia":[{"embeddable":true,"href":"https:\/\/www.7tvs.com.br\/7tvs\/wp-json\/wp\/v2\/media\/8564"}],"wp:attachment":[{"href":"https:\/\/www.7tvs.com.br\/7tvs\/wp-json\/wp\/v2\/media?parent=8556"}],"wp:term":[{"taxonomy":"category","embeddable":true,"href":"https:\/\/www.7tvs.com.br\/7tvs\/wp-json\/wp\/v2\/categories?post=8556"},{"taxonomy":"post_tag","embeddable":true,"href":"https:\/\/www.7tvs.com.br\/7tvs\/wp-json\/wp\/v2\/tags?post=8556"}],"curies":[{"name":"wp","href":"https:\/\/api.w.org\/{rel}","templated":true}]}}