{"id":8551,"date":"2026-03-10T00:09:13","date_gmt":"2026-03-10T03:09:13","guid":{"rendered":"https:\/\/www.7tvs.com.br\/7tvs\/2026\/03\/10\/julgamento-josimar-gil-stf\/"},"modified":"2026-03-10T00:09:13","modified_gmt":"2026-03-10T03:09:13","slug":"julgamento-josimar-gil-stf","status":"publish","type":"post","link":"https:\/\/www.7tvs.com.br\/7tvs\/2026\/03\/10\/julgamento-josimar-gil-stf\/","title":{"rendered":"Julgamento de Josimar Maranh\u00e3ozinho e Pastor Gil pelo STF: Entenda o Caso"},"content":{"rendered":"\n<p>Nesta ter\u00e7a-feira, dia 10, a Primeira Turma do Supremo Tribunal Federal (STF) inicia o julgamento da a\u00e7\u00e3o penal envolvendo os deputados federais Josimar Maranh\u00e3ozinho e Pastor Gil, ambos do PL-MA. Eles s\u00e3o acusados de participarem de um esquema de desvio de recursos provenientes de emendas parlamentares, que, segundo as investiga\u00e7\u00f5es, teria causado preju\u00edzos significativos aos cofres p\u00fablicos.<\/p>\n\n\n\n<h2 class=\"wp-block-heading\">Contexto das Acusa\u00e7\u00f5es<\/h2>\n\n\n\n<p>As den\u00fancias contra os parlamentares surgiram em 2020, quando o ent\u00e3o prefeito de S\u00e3o Jos\u00e9 de Ribamar, Eudes Sampaio, revelou que o grupo, que inclui tamb\u00e9m o ex-deputado Jo\u00e3o Bosco da Costa e outras cinco pessoas, teria solicitado R$ 1,6 milh\u00e3o em propinas. Essa quantia seria uma condi\u00e7\u00e3o para que cerca de R$ 6,67 milh\u00f5es em emendas destinadas \u00e0 sa\u00fade do munic\u00edpio fossem liberadas, com o prefeito relatando extors\u00f5es e amea\u00e7as para for\u00e7\u00e1-lo a efetuar o pagamento.<\/p>\n\n\n\n<h2 class=\"wp-block-heading\">Natureza dos Crimes e Poss\u00edveis Consequ\u00eancias<\/h2>\n\n\n\n<p>O Minist\u00e9rio P\u00fablico est\u00e1 em busca da condena\u00e7\u00e3o dos acusados, alegando que o esquema operava de maneira organizada, com o deputado Josimar Maranh\u00e3ozinho assumindo um papel de lideran\u00e7a. Ele enfrenta acusa\u00e7\u00f5es de corrup\u00e7\u00e3o passiva e de integrar uma organiza\u00e7\u00e3o criminosa, com agravantes que implicam sua fun\u00e7\u00e3o de lideran\u00e7a no esquema. As penas para os delitos podem variar, com a corrup\u00e7\u00e3o passiva prevendo de 2 a 12 anos de pris\u00e3o e a participa\u00e7\u00e3o em organiza\u00e7\u00e3o criminosa entre 3 a 8 anos, al\u00e9m de multas.<\/p>\n\n\n\n<h2 class=\"wp-block-heading\">Posicionamento das Defesas<\/h2>\n\n\n\n<p>As defesas dos parlamentares t\u00eam se manifestado contra as acusa\u00e7\u00f5es, negando a pr\u00e1tica de crimes e questionando a compet\u00eancia do STF para julgar o caso. A argumenta\u00e7\u00e3o gira em torno da ilegalidade do processo e da aus\u00eancia de evid\u00eancias concretas que sustentem as acusa\u00e7\u00f5es de corrup\u00e7\u00e3o e organiza\u00e7\u00e3o criminosa.<\/p>\n\n\n\n<h2 class=\"wp-block-heading\">Desdobramentos do Julgamento<\/h2>\n\n\n\n<p>O julgamento ser\u00e1 conduzido pela Primeira Turma do STF, composta pelos ministros Cristiano Zanin, Alexandre de Moraes, C\u00e1rmen L\u00facia e Fl\u00e1vio Dino. Est\u00e3o previstas tr\u00eas sess\u00f5es para a an\u00e1lise do caso, com duas ocorrendo hoje, uma \u00e0s 9h e outra \u00e0s 14h, e uma terceira na quarta-feira, caso necess\u00e1rio. O processo se inicia com a apresenta\u00e7\u00e3o do relat\u00f3rio pelo relator Cristiano Zanin, seguido pela sustenta\u00e7\u00e3o oral da Procuradoria e, posteriormente, a defesa.<\/p>\n\n\n\n<h2 class=\"wp-block-heading\">Pr\u00f3ximos Passos e Expectativas<\/h2>\n\n\n\n<p>Ap\u00f3s as sustenta\u00e7\u00f5es, os ministros proceder\u00e3o \u00e0 vota\u00e7\u00e3o, iniciando pelo relator e seguindo em ordem. A decis\u00e3o ser\u00e1 tomada por maioria e, se houver condena\u00e7\u00e3o, os ministros definir\u00e3o as penas. Em caso de absolvi\u00e7\u00e3o, o processo ser\u00e1 arquivado, mas em ambos os cen\u00e1rios, ainda ser\u00e1 poss\u00edvel recorrer dentro do pr\u00f3prio STF.<\/p>\n\n\n\n<p>O desfecho deste julgamento \u00e9 aguardado com expectativa, visto que ele pode ter implica\u00e7\u00f5es significativas na carreira pol\u00edtica dos acusados e nas futuras a\u00e7\u00f5es sobre a corrup\u00e7\u00e3o no Brasil.<\/p>\n","protected":false},"excerpt":{"rendered":"<p>Nesta ter\u00e7a-feira, dia 10, a Primeira Turma do Supremo Tribunal Federal (STF) inicia o julgamento da a\u00e7\u00e3o penal envolvendo os deputados federais Josimar Maranh\u00e3ozinho e Pastor Gil, ambos do PL-MA. Eles s\u00e3o acusados de participarem de um esquema de desvio de recursos provenientes de emendas parlamentares, que, segundo as investiga\u00e7\u00f5es, teria causado preju\u00edzos significativos aos [&hellip;]<\/p>\n","protected":false},"author":4,"featured_media":8562,"comment_status":"open","ping_status":"open","sticky":false,"template":"","format":"standard","meta":{"footnotes":""},"categories":[358],"tags":[209,688,2597,2595,740,2596,160,684],"class_list":["post-8551","post","type-post","status-publish","format-standard","has-post-thumbnail","hentry","category-tvmaranhao","tag-brasil","tag-corrupcao","tag-emendas","tag-josimar","tag-julgamento","tag-pastor-gil","tag-politica","tag-stf"],"_links":{"self":[{"href":"https:\/\/www.7tvs.com.br\/7tvs\/wp-json\/wp\/v2\/posts\/8551","targetHints":{"allow":["GET"]}}],"collection":[{"href":"https:\/\/www.7tvs.com.br\/7tvs\/wp-json\/wp\/v2\/posts"}],"about":[{"href":"https:\/\/www.7tvs.com.br\/7tvs\/wp-json\/wp\/v2\/types\/post"}],"author":[{"embeddable":true,"href":"https:\/\/www.7tvs.com.br\/7tvs\/wp-json\/wp\/v2\/users\/4"}],"replies":[{"embeddable":true,"href":"https:\/\/www.7tvs.com.br\/7tvs\/wp-json\/wp\/v2\/comments?post=8551"}],"version-history":[{"count":0,"href":"https:\/\/www.7tvs.com.br\/7tvs\/wp-json\/wp\/v2\/posts\/8551\/revisions"}],"wp:featuredmedia":[{"embeddable":true,"href":"https:\/\/www.7tvs.com.br\/7tvs\/wp-json\/wp\/v2\/media\/8562"}],"wp:attachment":[{"href":"https:\/\/www.7tvs.com.br\/7tvs\/wp-json\/wp\/v2\/media?parent=8551"}],"wp:term":[{"taxonomy":"category","embeddable":true,"href":"https:\/\/www.7tvs.com.br\/7tvs\/wp-json\/wp\/v2\/categories?post=8551"},{"taxonomy":"post_tag","embeddable":true,"href":"https:\/\/www.7tvs.com.br\/7tvs\/wp-json\/wp\/v2\/tags?post=8551"}],"curies":[{"name":"wp","href":"https:\/\/api.w.org\/{rel}","templated":true}]}}