{"id":8543,"date":"2026-03-10T00:06:51","date_gmt":"2026-03-10T03:06:51","guid":{"rendered":"https:\/\/www.7tvs.com.br\/7tvs\/2026\/03\/10\/lancamento-alianca-global-vila-laudato-si\/"},"modified":"2026-03-10T00:06:51","modified_gmt":"2026-03-10T03:06:51","slug":"lancamento-alianca-global-vila-laudato-si","status":"publish","type":"post","link":"https:\/\/www.7tvs.com.br\/7tvs\/2026\/03\/10\/lancamento-alianca-global-vila-laudato-si\/","title":{"rendered":"Lan\u00e7amento da Alian\u00e7a Global em Vila Laudato Si\u2019: Um Compromisso com a Ecologia Integral"},"content":{"rendered":"\n<p>Na segunda-feira, 9 de outubro, mais de 60 representantes de universidades e organiza\u00e7\u00f5es internacionais se reuniram na Vila Laudato si\u2019, localizada nos Jardins Papais de Castel Gandolfo, para dar in\u00edcio \u00e0 Alian\u00e7a Global. Essa iniciativa visa unir esfor\u00e7os na promo\u00e7\u00e3o de uma ecologia integral e na sustentabilidade, seguindo os princ\u00edpios delineados na enc\u00edclica Laudato si\u2019, publicada pelo Papa Francisco em 2015.<\/p>\n\n\n\n<h2 class=\"wp-block-heading\">Objetivos e Estrutura da Alian\u00e7a Global<\/h2>\n\n\n\n<p>O encontro, que se estende at\u00e9 o dia 10 de outubro, \u00e9 organizado pelo Centro Laudato si\u2019 para o Ensino Superior e pela Universidade de Notre Dame. Durante o evento, os participantes participam de pain\u00e9is de discuss\u00e3o abordando temas como forma\u00e7\u00e3o de l\u00edderes em ecologia integral e justi\u00e7a clim\u00e1tica. Al\u00e9m disso, o evento oferece visitas guiadas aos jardins e momentos de reflex\u00e3o e troca de experi\u00eancias.<\/p>\n\n\n\n<h2 class=\"wp-block-heading\">A Vis\u00e3o de Lideran\u00e7a do Cardeal Baggio<\/h2>\n\n\n\n<p>O cardeal Fabio Baggio, diretor-geral do Centro Laudato si\u2019 e um dos fundadores da Alian\u00e7a Global, enfatizou a import\u00e2ncia de criar um espa\u00e7o colaborativo onde os participantes possam compartilhar conhecimentos e desenvolver novas iniciativas. Segundo ele, a ideia central \u00e9 estimular a produ\u00e7\u00e3o de pesquisas e aumentar a conscientiza\u00e7\u00e3o sobre a necessidade de uma convers\u00e3o ecol\u00f3gica nas institui\u00e7\u00f5es.<\/p>\n\n\n\n<h3 class=\"wp-block-heading\">Implementa\u00e7\u00e3o de Modelos Concretos<\/h3>\n\n\n\n<p>Baggio tamb\u00e9m ressaltou que a Vila Laudato si\u2019 representa um modelo ideal para essa transforma\u00e7\u00e3o, j\u00e1 que coloca em pr\u00e1tica os princ\u00edpios da Laudato si\u2019. Ele destacou que \u00e9 fundamental que os participantes vivenciem, de maneira concreta, o que significa essa convers\u00e3o ecol\u00f3gica.<\/p>\n\n\n\n<h2 class=\"wp-block-heading\">Perspectivas de Impacto e Colabora\u00e7\u00e3o<\/h2>\n\n\n\n<p>A Irm\u00e3 Alessandra Smerilli, Secret\u00e1ria do Dicast\u00e9rio para o Servi\u00e7o do Desenvolvimento Humano Integral, expressou sua esperan\u00e7a de que a Alian\u00e7a Global sirva como um ponto de partida para criar uma massa cr\u00edtica capaz de provocar mudan\u00e7as significativas no mundo. Sua vis\u00e3o \u00e9 que a diversidade de experi\u00eancias e conhecimentos contribuam para pr\u00e1ticas sustent\u00e1veis que respeitem os princ\u00edpios da enc\u00edclica.<\/p>\n\n\n\n<h2 class=\"wp-block-heading\">A Universidade de Notre Dame e seu Papel na Sustentabilidade<\/h2>\n\n\n\n<p>Arun Agrawal, diretor fundador da Iniciativa Transforma\u00e7\u00f5es Justas para a Sustentabilidade da Universidade de Notre Dame, destacou que a Alian\u00e7a Global vai al\u00e9m de uma simples confer\u00eancia acad\u00eamica. A proposta \u00e9 estabelecer uma rede colaborativa que mobilize a\u00e7\u00f5es concretas em prol da convers\u00e3o ecol\u00f3gica, unindo a comunidade acad\u00eamica em torno de objetivos comuns.<\/p>\n\n\n\n<h3 class=\"wp-block-heading\">Colabora\u00e7\u00e3o entre a Igreja e a Academia<\/h3>\n\n\n\n<p>O Padre Daniel Groody, Vice-Presidente da Universidade de Notre Dame, refor\u00e7ou que a institui\u00e7\u00e3o busca servir \u00e0 Igreja conectando-a com pesquisadores e acad\u00eamicos. Ele enfatizou a complexidade dos desafios ambientais e a import\u00e2ncia de uma abordagem colaborativa para enfrent\u00e1-los, ressaltando o papel da Vila Laudato si\u2019 como um centro de reflex\u00e3o sobre sustentabilidade.<\/p>\n\n\n\n<h2 class=\"wp-block-heading\">Conclus\u00e3o: Uma Nova Era de Compromisso Ecol\u00f3gico<\/h2>\n\n\n\n<p>O lan\u00e7amento da Alian\u00e7a Global na Vila Laudato si\u2019 representa um passo significativo rumo \u00e0 promo\u00e7\u00e3o de pr\u00e1ticas sustent\u00e1veis e \u00e0 conscientiza\u00e7\u00e3o sobre a ecologia integral. Com a colabora\u00e7\u00e3o de acad\u00eamicos e l\u00edderes de diversas partes do mundo, espera-se que essa iniciativa n\u00e3o apenas crie uma rede s\u00f3lida de apoio, mas tamb\u00e9m inspire a\u00e7\u00f5es concretas que ajudem a preservar a casa comum para as futuras gera\u00e7\u00f5es.<\/p>\n","protected":false},"excerpt":{"rendered":"<p>Na segunda-feira, 9 de outubro, mais de 60 representantes de universidades e organiza\u00e7\u00f5es internacionais se reuniram na Vila Laudato si\u2019, localizada nos Jardins Papais de Castel Gandolfo, para dar in\u00edcio \u00e0 Alian\u00e7a Global. Essa iniciativa visa unir esfor\u00e7os na promo\u00e7\u00e3o de uma ecologia integral e na sustentabilidade, seguindo os princ\u00edpios delineados na enc\u00edclica Laudato si\u2019, [&hellip;]<\/p>\n","protected":false},"author":4,"featured_media":0,"comment_status":"open","ping_status":"open","sticky":false,"template":"","format":"standard","meta":{"footnotes":""},"categories":[393],"tags":[2589,2587,2591,520,2590],"class_list":["post-8543","post","type-post","status-publish","format-standard","hentry","category-religiao","tag-alianca-global","tag-ecologia","tag-papa-francisco","tag-sustentabilidade","tag-vila-laudato-si"],"_links":{"self":[{"href":"https:\/\/www.7tvs.com.br\/7tvs\/wp-json\/wp\/v2\/posts\/8543","targetHints":{"allow":["GET"]}}],"collection":[{"href":"https:\/\/www.7tvs.com.br\/7tvs\/wp-json\/wp\/v2\/posts"}],"about":[{"href":"https:\/\/www.7tvs.com.br\/7tvs\/wp-json\/wp\/v2\/types\/post"}],"author":[{"embeddable":true,"href":"https:\/\/www.7tvs.com.br\/7tvs\/wp-json\/wp\/v2\/users\/4"}],"replies":[{"embeddable":true,"href":"https:\/\/www.7tvs.com.br\/7tvs\/wp-json\/wp\/v2\/comments?post=8543"}],"version-history":[{"count":0,"href":"https:\/\/www.7tvs.com.br\/7tvs\/wp-json\/wp\/v2\/posts\/8543\/revisions"}],"wp:attachment":[{"href":"https:\/\/www.7tvs.com.br\/7tvs\/wp-json\/wp\/v2\/media?parent=8543"}],"wp:term":[{"taxonomy":"category","embeddable":true,"href":"https:\/\/www.7tvs.com.br\/7tvs\/wp-json\/wp\/v2\/categories?post=8543"},{"taxonomy":"post_tag","embeddable":true,"href":"https:\/\/www.7tvs.com.br\/7tvs\/wp-json\/wp\/v2\/tags?post=8543"}],"curies":[{"name":"wp","href":"https:\/\/api.w.org\/{rel}","templated":true}]}}