{"id":8541,"date":"2026-03-10T00:06:37","date_gmt":"2026-03-10T03:06:37","guid":{"rendered":"https:\/\/www.7tvs.com.br\/7tvs\/2026\/03\/10\/lancamento-alianca-global\/"},"modified":"2026-03-10T00:06:37","modified_gmt":"2026-03-10T03:06:37","slug":"lancamento-alianca-global","status":"publish","type":"post","link":"https:\/\/www.7tvs.com.br\/7tvs\/2026\/03\/10\/lancamento-alianca-global\/","title":{"rendered":"Lan\u00e7amento da Alian\u00e7a Global na Vila Laudato si\u2019: Um Compromisso com a Sustentabilidade"},"content":{"rendered":"\n<p>No dia 9 de outubro, a Vila Laudato si\u2019, localizada nos Jardins Papais de Castel Gandolfo, foi o cen\u00e1rio do lan\u00e7amento da Alian\u00e7a Global, uma iniciativa que visa unir acad\u00eamicos e organiza\u00e7\u00f5es em prol da ecologia integral e da sustentabilidade. O evento reuniu mais de 60 representantes de institui\u00e7\u00f5es de ensino superior e organiza\u00e7\u00f5es internacionais, destacando a import\u00e2ncia de um esfor\u00e7o colaborativo para enfrentar os desafios ambientais contempor\u00e2neos.<\/p>\n\n\n\n<h2 class=\"wp-block-heading\">Objetivos da Alian\u00e7a Global<\/h2>\n\n\n\n<p>A Alian\u00e7a Global tem como principal objetivo promover a ecologia sustent\u00e1vel, alinhando-se aos princ\u00edpios da enc\u00edclica Laudato si\u2019, publicada pelo Papa Francisco em 2015. O encontro, que se estende at\u00e9 o dia 10 de outubro, foi organizado pelo Centro Laudato si\u2019 para o Ensino Superior e pela Universidade de Notre Dame, proporcionando um espa\u00e7o para discuss\u00f5es sobre a forma\u00e7\u00e3o de l\u00edderes em ecologia integral e a justi\u00e7a clim\u00e1tica.<\/p>\n\n\n\n<h2 class=\"wp-block-heading\">Reflex\u00f5es e Iniciativas<\/h2>\n\n\n\n<p>Durante o evento, os participantes se envolveram em pain\u00e9is de discuss\u00e3o e visitas guiadas, tendo a oportunidade de trocar experi\u00eancias e refletir sobre a\u00e7\u00f5es pr\u00e1ticas que podem ser implementadas em suas institui\u00e7\u00f5es. O Cardeal Fabio Baggio, diretor-geral do Centro Laudato si\u2019, salientou a import\u00e2ncia de transformar as discuss\u00f5es em a\u00e7\u00f5es concretas, criando modelos de convers\u00e3o ecol\u00f3gica que servem como exemplo.<\/p>\n\n\n\n<h2 class=\"wp-block-heading\">Esperan\u00e7as para o Futuro<\/h2>\n\n\n\n<p>A Irm\u00e3 Alessandra Smerilli, Secret\u00e1ria do Dicast\u00e9rio para o Servi\u00e7o do Desenvolvimento Humano Integral, expressou sua esperan\u00e7a de que a Alian\u00e7a Global se torne um catalisador para mudan\u00e7as significativas. Ela acredita que a diversidade de perspectivas e conhecimentos presentes no evento pode contribuir para a forma\u00e7\u00e3o de uma massa cr\u00edtica capaz de impactar positivamente o mundo.<\/p>\n\n\n\n<h2 class=\"wp-block-heading\">O Papel da Universidade de Notre Dame<\/h2>\n\n\n\n<p>Arun Agrawal, diretor fundador da Iniciativa Transforma\u00e7\u00f5es Justas para a Sustentabilidade da Universidade de Notre Dame, destacou que a Alian\u00e7a Global vai al\u00e9m de uma simples confer\u00eancia acad\u00eamica. Seu foco \u00e9 a constru\u00e7\u00e3o de uma comunidade colaborativa que mobilize a\u00e7\u00f5es em dire\u00e7\u00e3o \u00e0 convers\u00e3o ecol\u00f3gica, integrando a academia ao compromisso da Santa S\u00e9 com a ecologia integral.<\/p>\n\n\n\n<h2 class=\"wp-block-heading\">A Vila Laudato si\u2019 como Centro de Reflex\u00e3o<\/h2>\n\n\n\n<p>O Padre Daniel Groody, Vice-Presidente da Universidade de Notre Dame, enfatizou o papel da Vila Laudato si\u2019 como um centro de reflex\u00e3o sobre sustentabilidade. Ele ressaltou a necessidade de uma abordagem coletiva para enfrentar os complexos desafios ambientais e clim\u00e1ticos, refor\u00e7ando que a uni\u00e3o de esfor\u00e7os \u00e9 crucial para promover um futuro mais sustent\u00e1vel.<\/p>\n\n\n\n<h2 class=\"wp-block-heading\">Conclus\u00e3o<\/h2>\n\n\n\n<p>O lan\u00e7amento da Alian\u00e7a Global na Vila Laudato si\u2019 representa um passo significativo em dire\u00e7\u00e3o \u00e0 promo\u00e7\u00e3o de pr\u00e1ticas sustent\u00e1veis e \u00e0 conscientiza\u00e7\u00e3o ecol\u00f3gica. Com a participa\u00e7\u00e3o de acad\u00eamicos e representantes de v\u00e1rias partes do mundo, o evento n\u00e3o apenas sinaliza um compromisso coletivo, mas tamb\u00e9m estabelece uma base s\u00f3lida para futuras iniciativas que visam o cuidado com nosso planeta.<\/p>\n","protected":false},"excerpt":{"rendered":"<p>No dia 9 de outubro, a Vila Laudato si\u2019, localizada nos Jardins Papais de Castel Gandolfo, foi o cen\u00e1rio do lan\u00e7amento da Alian\u00e7a Global, uma iniciativa que visa unir acad\u00eamicos e organiza\u00e7\u00f5es em prol da ecologia integral e da sustentabilidade. O evento reuniu mais de 60 representantes de institui\u00e7\u00f5es de ensino superior e organiza\u00e7\u00f5es internacionais, [&hellip;]<\/p>\n","protected":false},"author":4,"featured_media":8554,"comment_status":"open","ping_status":"open","sticky":false,"template":"","format":"standard","meta":{"footnotes":""},"categories":[393],"tags":[202,2589,2587,523,2588,1348,520],"class_list":["post-8541","post","type-post","status-publish","format-standard","has-post-thumbnail","hentry","category-religiao","tag-educacao","tag-alianca-global","tag-ecologia","tag-justica-climatica","tag-laudato-si","tag-meio-ambiente","tag-sustentabilidade"],"_links":{"self":[{"href":"https:\/\/www.7tvs.com.br\/7tvs\/wp-json\/wp\/v2\/posts\/8541","targetHints":{"allow":["GET"]}}],"collection":[{"href":"https:\/\/www.7tvs.com.br\/7tvs\/wp-json\/wp\/v2\/posts"}],"about":[{"href":"https:\/\/www.7tvs.com.br\/7tvs\/wp-json\/wp\/v2\/types\/post"}],"author":[{"embeddable":true,"href":"https:\/\/www.7tvs.com.br\/7tvs\/wp-json\/wp\/v2\/users\/4"}],"replies":[{"embeddable":true,"href":"https:\/\/www.7tvs.com.br\/7tvs\/wp-json\/wp\/v2\/comments?post=8541"}],"version-history":[{"count":0,"href":"https:\/\/www.7tvs.com.br\/7tvs\/wp-json\/wp\/v2\/posts\/8541\/revisions"}],"wp:featuredmedia":[{"embeddable":true,"href":"https:\/\/www.7tvs.com.br\/7tvs\/wp-json\/wp\/v2\/media\/8554"}],"wp:attachment":[{"href":"https:\/\/www.7tvs.com.br\/7tvs\/wp-json\/wp\/v2\/media?parent=8541"}],"wp:term":[{"taxonomy":"category","embeddable":true,"href":"https:\/\/www.7tvs.com.br\/7tvs\/wp-json\/wp\/v2\/categories?post=8541"},{"taxonomy":"post_tag","embeddable":true,"href":"https:\/\/www.7tvs.com.br\/7tvs\/wp-json\/wp\/v2\/tags?post=8541"}],"curies":[{"name":"wp","href":"https:\/\/api.w.org\/{rel}","templated":true}]}}