{"id":8540,"date":"2026-03-10T00:06:31","date_gmt":"2026-03-10T03:06:31","guid":{"rendered":"https:\/\/www.7tvs.com.br\/7tvs\/2026\/03\/10\/empreendedorismo-feminino-ms-2\/"},"modified":"2026-03-10T00:06:31","modified_gmt":"2026-03-10T03:06:31","slug":"empreendedorismo-feminino-ms-2","status":"publish","type":"post","link":"https:\/\/www.7tvs.com.br\/7tvs\/2026\/03\/10\/empreendedorismo-feminino-ms-2\/","title":{"rendered":"Empreendedorismo Feminino em Debate: Evento Re\u00fane Lideran\u00e7as em Mato Grosso do Sul"},"content":{"rendered":"\n<p>O evento &#039;Todas Diferentes, Todas Importantes: Elas Protagonistas&#039;, promovido pelo Governo de Mato Grosso do Sul, focou em discutir a autonomia das mulheres e a cria\u00e7\u00e3o de oportunidades para o empreendedorismo feminino na regi\u00e3o. Este encontro buscou reunir lideran\u00e7as e representantes de diversas \u00e1reas com o objetivo de fomentar pol\u00edticas p\u00fablicas que beneficiem as mulheres sul-mato-grossenses.<\/p>\n\n\n\n<h2 class=\"wp-block-heading\">Objetivos do Evento<\/h2>\n\n\n\n<p>A principal meta do evento foi fortalecer a presen\u00e7a feminina no mercado de trabalho e incentivar o empreendedorismo. As discuss\u00f5es abordaram como as pol\u00edticas p\u00fablicas podem ser aprimoradas para garantir um ambiente mais favor\u00e1vel \u00e0s mulheres, especialmente em setores que historicamente foram dominados por homens.<\/p>\n\n\n\n<h2 class=\"wp-block-heading\">Participa\u00e7\u00e3o das Lideran\u00e7as<\/h2>\n\n\n\n<p>Diversas lideran\u00e7as pol\u00edticas e empresariais participaram do evento, trazendo experi\u00eancias e insights sobre a realidade das mulheres em suas respectivas \u00e1reas. Essas vozes contribu\u00edram para um di\u00e1logo enriquecedor, destacando a import\u00e2ncia da colabora\u00e7\u00e3o entre o governo, a sociedade civil e o setor privado para promover mudan\u00e7as significativas.<\/p>\n\n\n\n<h2 class=\"wp-block-heading\">Resultados e Propostas<\/h2>\n\n\n\n<p>Como resultado das discuss\u00f5es, foram propostas v\u00e1rias iniciativas voltadas para a capacita\u00e7\u00e3o e o apoio a empreendedoras. Entre as sugest\u00f5es est\u00e3o programas de mentorship, acesso facilitado a cr\u00e9dito e a cria\u00e7\u00e3o de redes de apoio que conectem mulheres em diferentes est\u00e1gios de suas trajet\u00f3rias profissionais.<\/p>\n\n\n\n<h2 class=\"wp-block-heading\">Impacto na Comunidade<\/h2>\n\n\n\n<p>O impacto dessas iniciativas pode ser significativo, n\u00e3o apenas para as mulheres diretamente envolvidas, mas tamb\u00e9m para a economia local como um todo. O aumento da participa\u00e7\u00e3o feminina no empreendedorismo tende a gerar novas oportunidades de emprego e a diversificar a economia, contribuindo para um desenvolvimento mais equitativo.<\/p>\n\n\n\n<h2 class=\"wp-block-heading\">Conclus\u00e3o<\/h2>\n\n\n\n<p>O evento &#039;Todas Diferentes, Todas Importantes: Elas Protagonistas&#039; evidenciou a necessidade urgente de discutir e implementar pol\u00edticas que apoiem o empreendedorismo feminino. A uni\u00e3o de esfor\u00e7os entre diferentes setores \u00e9 essencial para promover a autonomia das mulheres e garantir que elas tenham as mesmas oportunidades que seus colegas homens, contribuindo assim para uma sociedade mais justa e inclusiva.<\/p>\n","protected":false},"excerpt":{"rendered":"<p>O evento &#039;Todas Diferentes, Todas Importantes: Elas Protagonistas&#039;, promovido pelo Governo de Mato Grosso do Sul, focou em discutir a autonomia das mulheres e a cria\u00e7\u00e3o de oportunidades para o empreendedorismo feminino na regi\u00e3o. Este encontro buscou reunir lideran\u00e7as e representantes de diversas \u00e1reas com o objetivo de fomentar pol\u00edticas p\u00fablicas que beneficiem as mulheres [&hellip;]<\/p>\n","protected":false},"author":4,"featured_media":0,"comment_status":"open","ping_status":"open","sticky":false,"template":"","format":"standard","meta":{"footnotes":""},"categories":[2],"tags":[346,347,693,235,400],"class_list":["post-8540","post","type-post","status-publish","format-standard","hentry","category-tvmatogrossodosul","tag-empreendedorismo","tag-mulheres","tag-evento","tag-mato-grosso-do-sul","tag-politicas-publicas"],"_links":{"self":[{"href":"https:\/\/www.7tvs.com.br\/7tvs\/wp-json\/wp\/v2\/posts\/8540","targetHints":{"allow":["GET"]}}],"collection":[{"href":"https:\/\/www.7tvs.com.br\/7tvs\/wp-json\/wp\/v2\/posts"}],"about":[{"href":"https:\/\/www.7tvs.com.br\/7tvs\/wp-json\/wp\/v2\/types\/post"}],"author":[{"embeddable":true,"href":"https:\/\/www.7tvs.com.br\/7tvs\/wp-json\/wp\/v2\/users\/4"}],"replies":[{"embeddable":true,"href":"https:\/\/www.7tvs.com.br\/7tvs\/wp-json\/wp\/v2\/comments?post=8540"}],"version-history":[{"count":0,"href":"https:\/\/www.7tvs.com.br\/7tvs\/wp-json\/wp\/v2\/posts\/8540\/revisions"}],"wp:attachment":[{"href":"https:\/\/www.7tvs.com.br\/7tvs\/wp-json\/wp\/v2\/media?parent=8540"}],"wp:term":[{"taxonomy":"category","embeddable":true,"href":"https:\/\/www.7tvs.com.br\/7tvs\/wp-json\/wp\/v2\/categories?post=8540"},{"taxonomy":"post_tag","embeddable":true,"href":"https:\/\/www.7tvs.com.br\/7tvs\/wp-json\/wp\/v2\/tags?post=8540"}],"curies":[{"name":"wp","href":"https:\/\/api.w.org\/{rel}","templated":true}]}}