{"id":8539,"date":"2026-03-10T00:06:17","date_gmt":"2026-03-10T03:06:17","guid":{"rendered":"https:\/\/www.7tvs.com.br\/7tvs\/2026\/03\/10\/empreendedorismo-feminino-ms\/"},"modified":"2026-03-10T00:06:17","modified_gmt":"2026-03-10T03:06:17","slug":"empreendedorismo-feminino-ms","status":"publish","type":"post","link":"https:\/\/www.7tvs.com.br\/7tvs\/2026\/03\/10\/empreendedorismo-feminino-ms\/","title":{"rendered":"Empreendedorismo Feminino e Pol\u00edticas P\u00fablicas em Destaque em Mato Grosso do Sul"},"content":{"rendered":"\n<p>Recentemente, Mato Grosso do Sul sediou o evento &#039;Todas Diferentes, Todas Importantes: Elas Protagonistas&#039;, que teve como foco principal a promo\u00e7\u00e3o da autonomia feminina e a cria\u00e7\u00e3o de novas oportunidades para as mulheres na regi\u00e3o. Esta iniciativa, organizada pelo Governo do Estado, reuniu diversas lideran\u00e7as e especialistas que discutiram o papel das mulheres no empreendedorismo e a import\u00e2ncia de pol\u00edticas p\u00fablicas voltadas para a inclus\u00e3o feminina.<\/p>\n\n\n\n<h2 class=\"wp-block-heading\">Objetivos do Evento<\/h2>\n\n\n\n<p>O encontro visou n\u00e3o apenas debater os desafios enfrentados por mulheres empreendedoras, mas tamb\u00e9m apresentar solu\u00e7\u00f5es concretas que possam ser implementadas pelo governo e pela sociedade civil. As participantes puderam compartilhar experi\u00eancias e ideias sobre como melhorar o ambiente de neg\u00f3cios para as mulheres, al\u00e9m de explorar formas de incentivo \u00e0 educa\u00e7\u00e3o e ao acesso a cr\u00e9dito.<\/p>\n\n\n\n<h2 class=\"wp-block-heading\">Participa\u00e7\u00e3o de Especialistas<\/h2>\n\n\n\n<p>Diversas especialistas e l\u00edderes de opini\u00e3o marcaram presen\u00e7a no evento, trazendo suas perspectivas sobre a import\u00e2ncia do empreendedorismo feminino. Elas destacaram que a capacita\u00e7\u00e3o e o apoio institucional s\u00e3o fundamentais para que mais mulheres possam iniciar e expandir seus neg\u00f3cios. As discuss\u00f5es abordaram tamb\u00e9m a necessidade de um ambiente regulat\u00f3rio que favore\u00e7a a cria\u00e7\u00e3o de empresas lideradas por mulheres.<\/p>\n\n\n\n<h2 class=\"wp-block-heading\">Impacto nas Pol\u00edticas P\u00fablicas<\/h2>\n\n\n\n<p>Um dos principais resultados do evento foi a proposta de novas diretrizes para pol\u00edticas p\u00fablicas que visem apoiar o empreendedorismo feminino. Os participantes enfatizaram a import\u00e2ncia de programas que incentivem a lideran\u00e7a feminina e promovam a igualdade de g\u00eanero em ambientes de trabalho. Al\u00e9m disso, foram sugeridas iniciativas para aumentar a visibilidade das mulheres no mercado de trabalho e no setor empresarial.<\/p>\n\n\n\n<h2 class=\"wp-block-heading\">Conclus\u00e3o<\/h2>\n\n\n\n<p>O evento &#039;Todas Diferentes, Todas Importantes: Elas Protagonistas&#039; em Mato Grosso do Sul representa um passo significativo em dire\u00e7\u00e3o \u00e0 valoriza\u00e7\u00e3o do empreendedorismo feminino e \u00e0 implementa\u00e7\u00e3o de pol\u00edticas p\u00fablicas eficazes. A intera\u00e7\u00e3o entre l\u00edderes, especialistas e a comunidade local \u00e9 essencial para criar um futuro mais igualit\u00e1rio, onde as mulheres possam ter um papel de destaque na economia e na sociedade.<\/p>\n","protected":false},"excerpt":{"rendered":"<p>Recentemente, Mato Grosso do Sul sediou o evento &#039;Todas Diferentes, Todas Importantes: Elas Protagonistas&#039;, que teve como foco principal a promo\u00e7\u00e3o da autonomia feminina e a cria\u00e7\u00e3o de novas oportunidades para as mulheres na regi\u00e3o. Esta iniciativa, organizada pelo Governo do Estado, reuniu diversas lideran\u00e7as e especialistas que discutiram o papel das mulheres no empreendedorismo [&hellip;]<\/p>\n","protected":false},"author":4,"featured_media":8553,"comment_status":"open","ping_status":"open","sticky":false,"template":"","format":"standard","meta":{"footnotes":""},"categories":[2],"tags":[346,2428,1849,235,400],"class_list":["post-8539","post","type-post","status-publish","format-standard","has-post-thumbnail","hentry","category-tvmatogrossodosul","tag-empreendedorismo","tag-feminino","tag-igualdade-de-genero","tag-mato-grosso-do-sul","tag-politicas-publicas"],"_links":{"self":[{"href":"https:\/\/www.7tvs.com.br\/7tvs\/wp-json\/wp\/v2\/posts\/8539","targetHints":{"allow":["GET"]}}],"collection":[{"href":"https:\/\/www.7tvs.com.br\/7tvs\/wp-json\/wp\/v2\/posts"}],"about":[{"href":"https:\/\/www.7tvs.com.br\/7tvs\/wp-json\/wp\/v2\/types\/post"}],"author":[{"embeddable":true,"href":"https:\/\/www.7tvs.com.br\/7tvs\/wp-json\/wp\/v2\/users\/4"}],"replies":[{"embeddable":true,"href":"https:\/\/www.7tvs.com.br\/7tvs\/wp-json\/wp\/v2\/comments?post=8539"}],"version-history":[{"count":0,"href":"https:\/\/www.7tvs.com.br\/7tvs\/wp-json\/wp\/v2\/posts\/8539\/revisions"}],"wp:featuredmedia":[{"embeddable":true,"href":"https:\/\/www.7tvs.com.br\/7tvs\/wp-json\/wp\/v2\/media\/8553"}],"wp:attachment":[{"href":"https:\/\/www.7tvs.com.br\/7tvs\/wp-json\/wp\/v2\/media?parent=8539"}],"wp:term":[{"taxonomy":"category","embeddable":true,"href":"https:\/\/www.7tvs.com.br\/7tvs\/wp-json\/wp\/v2\/categories?post=8539"},{"taxonomy":"post_tag","embeddable":true,"href":"https:\/\/www.7tvs.com.br\/7tvs\/wp-json\/wp\/v2\/tags?post=8539"}],"curies":[{"name":"wp","href":"https:\/\/api.w.org\/{rel}","templated":true}]}}