{"id":8538,"date":"2026-03-10T00:06:14","date_gmt":"2026-03-10T03:06:14","guid":{"rendered":"https:\/\/www.7tvs.com.br\/7tvs\/2026\/03\/10\/caminhoneiros-gauchos-detidos\/"},"modified":"2026-03-10T00:06:14","modified_gmt":"2026-03-10T03:06:14","slug":"caminhoneiros-gauchos-detidos","status":"publish","type":"post","link":"https:\/\/www.7tvs.com.br\/7tvs\/2026\/03\/10\/caminhoneiros-gauchos-detidos\/","title":{"rendered":"Caminhoneiros Ga\u00fachos Detidos Ap\u00f3s Homic\u00eddio em Mato Grosso do Sul"},"content":{"rendered":"\n<p>Uma s\u00e9rie de eventos violentos culminou na pris\u00e3o de dois caminhoneiros do Rio Grande do Sul, que foram detidos em conex\u00e3o com um homic\u00eddio ocorrido em Mato Grosso do Sul. A situa\u00e7\u00e3o, que gerou como\u00e7\u00e3o na regi\u00e3o, ficou ainda mais complexa com a deten\u00e7\u00e3o de um dos suspeitos em Ponta Por\u00e3 e o outro no estado do Paran\u00e1.<\/p>\n\n\n\n<h2 class=\"wp-block-heading\">Circunst\u00e2ncias do Crime<\/h2>\n\n\n\n<p>O incidente que levou \u00e0 morte de um homem a facadas aconteceu em um contexto de confus\u00e3o e desentendimentos entre os envolvidos. As primeiras informa\u00e7\u00f5es indicam que a briga teria se intensificado rapidamente, resultando em ferimentos fatais. A pol\u00edcia local foi acionada e, ao investigar a cena do crime, identificou os caminhoneiros como suspeitos.<\/p>\n\n\n\n<h2 class=\"wp-block-heading\">A Pris\u00e3o dos Suspeitos<\/h2>\n\n\n\n<p>As autoridades conseguiram localizar e prender um dos caminhoneiros na cidade de Ponta Por\u00e3, enquanto o outro foi detido em uma opera\u00e7\u00e3o no Paran\u00e1. A colabora\u00e7\u00e3o entre as pol\u00edcias dos dois estados foi fundamental para a r\u00e1pida captura dos suspeitos, que agora enfrentam s\u00e9rias acusa\u00e7\u00f5es relacionadas ao homic\u00eddio.<\/p>\n\n\n\n<h2 class=\"wp-block-heading\">Repercuss\u00e3o e Consequ\u00eancias<\/h2>\n\n\n\n<p>O caso gerou grande repercuss\u00e3o na m\u00eddia e entre a popula\u00e7\u00e3o local, levantando quest\u00f5es sobre a seguran\u00e7a nas estradas e o aumento da viol\u00eancia entre motoristas. Especialistas em seguran\u00e7a p\u00fablica chamam a aten\u00e7\u00e3o para a necessidade de medidas preventivas para garantir a integridade dos profissionais que atuam no transporte rodovi\u00e1rio.<\/p>\n\n\n\n<h2 class=\"wp-block-heading\">Pr\u00f3ximos Passos Legais<\/h2>\n\n\n\n<p>Com os caminhoneiros sob cust\u00f3dia, a investiga\u00e7\u00e3o continua. As autoridades planejam reunir mais provas e depoimentos para fortalecer o caso contra os suspeitos. O desdobramento deste caso ser\u00e1 acompanhado de perto, principalmente por aqueles que atuam no setor de transporte, que buscam respostas e garantias de que situa\u00e7\u00f5es como essa n\u00e3o se repitam.<\/p>\n","protected":false},"excerpt":{"rendered":"<p>Uma s\u00e9rie de eventos violentos culminou na pris\u00e3o de dois caminhoneiros do Rio Grande do Sul, que foram detidos em conex\u00e3o com um homic\u00eddio ocorrido em Mato Grosso do Sul. A situa\u00e7\u00e3o, que gerou como\u00e7\u00e3o na regi\u00e3o, ficou ainda mais complexa com a deten\u00e7\u00e3o de um dos suspeitos em Ponta Por\u00e3 e o outro no [&hellip;]<\/p>\n","protected":false},"author":4,"featured_media":0,"comment_status":"open","ping_status":"open","sticky":false,"template":"","format":"standard","meta":{"footnotes":""},"categories":[360],"tags":[2586,929,235,637,666],"class_list":["post-8538","post","type-post","status-publish","format-standard","hentry","category-tvmatogrosso","tag-caminhoneiros","tag-homicidio","tag-mato-grosso-do-sul","tag-seguranca","tag-violencia"],"_links":{"self":[{"href":"https:\/\/www.7tvs.com.br\/7tvs\/wp-json\/wp\/v2\/posts\/8538","targetHints":{"allow":["GET"]}}],"collection":[{"href":"https:\/\/www.7tvs.com.br\/7tvs\/wp-json\/wp\/v2\/posts"}],"about":[{"href":"https:\/\/www.7tvs.com.br\/7tvs\/wp-json\/wp\/v2\/types\/post"}],"author":[{"embeddable":true,"href":"https:\/\/www.7tvs.com.br\/7tvs\/wp-json\/wp\/v2\/users\/4"}],"replies":[{"embeddable":true,"href":"https:\/\/www.7tvs.com.br\/7tvs\/wp-json\/wp\/v2\/comments?post=8538"}],"version-history":[{"count":0,"href":"https:\/\/www.7tvs.com.br\/7tvs\/wp-json\/wp\/v2\/posts\/8538\/revisions"}],"wp:attachment":[{"href":"https:\/\/www.7tvs.com.br\/7tvs\/wp-json\/wp\/v2\/media?parent=8538"}],"wp:term":[{"taxonomy":"category","embeddable":true,"href":"https:\/\/www.7tvs.com.br\/7tvs\/wp-json\/wp\/v2\/categories?post=8538"},{"taxonomy":"post_tag","embeddable":true,"href":"https:\/\/www.7tvs.com.br\/7tvs\/wp-json\/wp\/v2\/tags?post=8538"}],"curies":[{"name":"wp","href":"https:\/\/api.w.org\/{rel}","templated":true}]}}