{"id":8532,"date":"2026-03-10T00:05:09","date_gmt":"2026-03-10T03:05:09","guid":{"rendered":"https:\/\/www.7tvs.com.br\/7tvs\/2026\/03\/10\/crescimento-feminicidios-brasil\/"},"modified":"2026-03-10T00:05:09","modified_gmt":"2026-03-10T03:05:09","slug":"crescimento-feminicidios-brasil","status":"publish","type":"post","link":"https:\/\/www.7tvs.com.br\/7tvs\/2026\/03\/10\/crescimento-feminicidios-brasil\/","title":{"rendered":"Crescimento Alarmante dos Feminic\u00eddios no Brasil: Uma Quest\u00e3o de Vida ou Morte"},"content":{"rendered":"\n<p>O Dia Internacional da Mulher, celebrado em 8 de mar\u00e7o, \u00e9 um momento para refletir sobre as quest\u00f5es que afligem as mulheres em todo o mundo, especialmente no Brasil. Em um discurso marcante, o presidente Luiz In\u00e1cio Lula da Silva destacou a dura realidade enfrentada pelas mulheres brasileiras, afirmando que um homem mata uma mulher a cada seis horas no pa\u00eds. Essa afirma\u00e7\u00e3o n\u00e3o \u00e9 apenas um dado estat\u00edstico; representa um chamado urgente \u00e0 a\u00e7\u00e3o para enfrentar a viol\u00eancia de g\u00eanero.<\/p>\n\n\n\n<h2 class=\"wp-block-heading\">Entendendo o Feminic\u00eddio<\/h2>\n\n\n\n<p>O feminic\u00eddio \u00e9 definido como o assassinato de mulheres motivado por quest\u00f5es de g\u00eanero. Em muitos casos, os agressores s\u00e3o parceiros \u00edntimos ou familiares, e os crimes frequentemente ocorrem ap\u00f3s longos per\u00edodos de viol\u00eancia dom\u00e9stica. Essa forma extrema de viol\u00eancia \u00e9 reconhecida globalmente como uma viola\u00e7\u00e3o grave dos direitos humanos, e a ONU Mulheres tem se esfor\u00e7ado para sensibilizar sobre a gravidade do problema.<\/p>\n\n\n\n<h2 class=\"wp-block-heading\">Legisla\u00e7\u00e3o e Consequ\u00eancias<\/h2>\n\n\n\n<p>Em 2015, o Brasil instituiu a Lei do Feminic\u00eddio, alterando o C\u00f3digo Penal para classificar esses crimes como homic\u00eddios culposos de natureza especialmente grave. Inicialmente, a pena variava de 12 a 30 anos de pris\u00e3o, mas uma atualiza\u00e7\u00e3o em 2024 aumentou essa penalidade para um intervalo de 20 a 40 anos. Essa mudan\u00e7a legislativa visava endurecer as puni\u00e7\u00f5es e enviar uma mensagem clara sobre a intoler\u00e2ncia em rela\u00e7\u00e3o \u00e0 viol\u00eancia contra a mulher.<\/p>\n\n\n\n<h2 class=\"wp-block-heading\">N\u00fameros Preocupantes<\/h2>\n\n\n\n<p>Dados recentes revelam um aumento alarmante nos casos de feminic\u00eddio. Em 2025, o Brasil registrou 1.518 feminic\u00eddios, o que equivale a quase quatro mortes di\u00e1rias. Esse n\u00famero representa um crescimento em rela\u00e7\u00e3o aos 1.458 casos reportados em 2024. Entretanto, especialistas da Ag\u00eancia Brasil alertam que esses dados est\u00e3o subnotificados, com estimativas indicando que o n\u00famero real de feminic\u00eddios pode ser 38% maior, o que corresponderia a cerca de seis mortes por dia.<\/p>\n\n\n\n<h2 class=\"wp-block-heading\">A Necessidade de A\u00e7\u00e3o Imediata<\/h2>\n\n\n\n<p>A crescente incid\u00eancia de feminic\u00eddios no Brasil exige uma mobiliza\u00e7\u00e3o coletiva e um compromisso firme de todos os setores da sociedade. O combate \u00e0 viol\u00eancia contra a mulher n\u00e3o pode ser visto apenas como uma responsabilidade do governo e das institui\u00e7\u00f5es, mas deve envolver a conscientiza\u00e7\u00e3o e a educa\u00e7\u00e3o de toda a popula\u00e7\u00e3o. \u00c9 crucial que homens e mulheres unam for\u00e7as para criar um ambiente seguro e respeitoso para todas as mulheres.<\/p>\n\n\n\n<h2 class=\"wp-block-heading\">Conclus\u00e3o<\/h2>\n\n\n\n<p>Em suma, o aumento dos feminic\u00eddios no Brasil \u00e9 um problema grave que requer aten\u00e7\u00e3o imediata e a\u00e7\u00f5es efetivas. O Dia Internacional da Mulher deve servir como um ponto de partida para uma reflex\u00e3o profunda sobre como a sociedade pode trabalhar unida para erradicar a viol\u00eancia de g\u00eanero e garantir que todas as mulheres possam viver com dignidade e seguran\u00e7a. O futuro da luta pelos direitos das mulheres depende da nossa capacidade de enfrentar essa realidade com coragem e determina\u00e7\u00e3o.<\/p>\n","protected":false},"excerpt":{"rendered":"<p>O Dia Internacional da Mulher, celebrado em 8 de mar\u00e7o, \u00e9 um momento para refletir sobre as quest\u00f5es que afligem as mulheres em todo o mundo, especialmente no Brasil. Em um discurso marcante, o presidente Luiz In\u00e1cio Lula da Silva destacou a dura realidade enfrentada pelas mulheres brasileiras, afirmando que um homem mata uma mulher [&hellip;]<\/p>\n","protected":false},"author":4,"featured_media":0,"comment_status":"open","ping_status":"open","sticky":false,"template":"","format":"standard","meta":{"footnotes":""},"categories":[12],"tags":[209,1669,1914,634,666],"class_list":["post-8532","post","type-post","status-publish","format-standard","hentry","category-tvriodejaneiro","tag-brasil","tag-conscientizacao","tag-direitos-das-mulheres","tag-feminicidio","tag-violencia"],"_links":{"self":[{"href":"https:\/\/www.7tvs.com.br\/7tvs\/wp-json\/wp\/v2\/posts\/8532","targetHints":{"allow":["GET"]}}],"collection":[{"href":"https:\/\/www.7tvs.com.br\/7tvs\/wp-json\/wp\/v2\/posts"}],"about":[{"href":"https:\/\/www.7tvs.com.br\/7tvs\/wp-json\/wp\/v2\/types\/post"}],"author":[{"embeddable":true,"href":"https:\/\/www.7tvs.com.br\/7tvs\/wp-json\/wp\/v2\/users\/4"}],"replies":[{"embeddable":true,"href":"https:\/\/www.7tvs.com.br\/7tvs\/wp-json\/wp\/v2\/comments?post=8532"}],"version-history":[{"count":0,"href":"https:\/\/www.7tvs.com.br\/7tvs\/wp-json\/wp\/v2\/posts\/8532\/revisions"}],"wp:attachment":[{"href":"https:\/\/www.7tvs.com.br\/7tvs\/wp-json\/wp\/v2\/media?parent=8532"}],"wp:term":[{"taxonomy":"category","embeddable":true,"href":"https:\/\/www.7tvs.com.br\/7tvs\/wp-json\/wp\/v2\/categories?post=8532"},{"taxonomy":"post_tag","embeddable":true,"href":"https:\/\/www.7tvs.com.br\/7tvs\/wp-json\/wp\/v2\/tags?post=8532"}],"curies":[{"name":"wp","href":"https:\/\/api.w.org\/{rel}","templated":true}]}}