{"id":8531,"date":"2026-03-10T00:05:08","date_gmt":"2026-03-10T03:05:08","guid":{"rendered":"https:\/\/www.7tvs.com.br\/7tvs\/2026\/03\/10\/aumento-feminicidios-brasil\/"},"modified":"2026-03-10T00:05:08","modified_gmt":"2026-03-10T03:05:08","slug":"aumento-feminicidios-brasil","status":"publish","type":"post","link":"https:\/\/www.7tvs.com.br\/7tvs\/2026\/03\/10\/aumento-feminicidios-brasil\/","title":{"rendered":"Aumento Alarmante dos Feminic\u00eddios no Brasil: Uma Realidade Que N\u00e3o Pode Ser Ignorada"},"content":{"rendered":"\n<p>Em meio \u00e0s celebra\u00e7\u00f5es do Dia Internacional da Mulher, em 8 de mar\u00e7o, o presidente Luiz In\u00e1cio Lula da Silva fez um pronunciamento contundente sobre a situa\u00e7\u00e3o das mulheres no Brasil. Ele destacou a triste realidade de que, a cada seis horas, uma mulher \u00e9 assassinada por um homem no pa\u00eds. Esta declara\u00e7\u00e3o n\u00e3o apenas promoveu uma reflex\u00e3o sobre o tratamento das mulheres, mas tamb\u00e9m levantou quest\u00f5es urgentes sobre a viol\u00eancia de g\u00eanero que persiste em nossa sociedade.<\/p>\n\n\n\n<h2 class=\"wp-block-heading\">O Significado do Feminic\u00eddio<\/h2>\n\n\n\n<p>O termo feminic\u00eddio refere-se ao assassinato de mulheres motivado por quest\u00f5es de g\u00eanero. Frequentemente, esses crimes est\u00e3o ligados a relacionamentos abusivos ou \u00e0 din\u00e2mica familiar, em que o agressor \u00e9 um parceiro \u00edntimo ou um membro da fam\u00edlia. Segundo a ONU Mulheres, o feminic\u00eddio \u00e9 uma manifesta\u00e7\u00e3o extrema da viol\u00eancia contra a mulher, que se agrava em contextos onde a desigualdade de g\u00eanero \u00e9 enraizada.<\/p>\n\n\n\n<h2 class=\"wp-block-heading\">Legisla\u00e7\u00e3o e Puni\u00e7\u00f5es<\/h2>\n\n\n\n<p>Com o intuito de combater essa viol\u00eancia, a Lei do Feminic\u00eddio foi sancionada em 9 de mar\u00e7o de 2015, introduzindo uma nova classifica\u00e7\u00e3o no C\u00f3digo Penal brasileiro. Inicialmente, a pena para o crime variava de 12 a 30 anos de pris\u00e3o. Entretanto, uma revis\u00e3o em 2024 elevou essa puni\u00e7\u00e3o para um intervalo de 20 a 40 anos, refletindo a gravidade da quest\u00e3o e a necessidade de uma resposta mais rigorosa do sistema judici\u00e1rio.<\/p>\n\n\n\n<h2 class=\"wp-block-heading\">Dados Alarmantes e Subnotifica\u00e7\u00e3o<\/h2>\n\n\n\n<p>Em 2025, o Brasil registrou um n\u00famero alarmante de 1.518 feminic\u00eddios, o que equivale a quase quatro mortes di\u00e1rias. Este aumento em rela\u00e7\u00e3o aos 1.458 casos de 2024 levanta preocupa\u00e7\u00f5es sobre a efic\u00e1cia das medidas de prote\u00e7\u00e3o e preven\u00e7\u00e3o implementadas at\u00e9 ent\u00e3o. A Ag\u00eancia Brasil aponta que esses n\u00fameros podem ser ainda mais preocupantes, uma vez que muitos casos de feminic\u00eddio permanecem subnotificados, sugerindo que o total real poderia ser 38% maior, ou seja, quase seis mortes por dia.<\/p>\n\n\n\n<h2 class=\"wp-block-heading\">Reflex\u00f5es e Caminhos a Seguir<\/h2>\n\n\n\n<p>Diante desse cen\u00e1rio, \u00e9 imperativo que a sociedade como um todo se envolva na luta contra a viol\u00eancia de g\u00eanero. Isso inclui n\u00e3o apenas a\u00e7\u00f5es do governo, mas tamb\u00e9m mudan\u00e7as culturais que promovam o respeito e a igualdade. O Dia Internacional da Mulher deve ser um momento de reflex\u00e3o e mobiliza\u00e7\u00e3o, n\u00e3o apenas para celebrar conquistas, mas para exigir um compromisso renovado no combate ao feminic\u00eddio e \u00e0 desigualdade de g\u00eanero.<\/p>\n\n\n\n<p>A crescente taxa de feminic\u00eddios no Brasil \u00e9 um chamado \u00e0 a\u00e7\u00e3o. A conscientiza\u00e7\u00e3o e a educa\u00e7\u00e3o s\u00e3o fundamentais para mudar essa realidade. Todos t\u00eam um papel na constru\u00e7\u00e3o de um futuro onde as mulheres possam viver sem medo e com dignidade.<\/p>\n","protected":false},"excerpt":{"rendered":"<p>Em meio \u00e0s celebra\u00e7\u00f5es do Dia Internacional da Mulher, em 8 de mar\u00e7o, o presidente Luiz In\u00e1cio Lula da Silva fez um pronunciamento contundente sobre a situa\u00e7\u00e3o das mulheres no Brasil. Ele destacou a triste realidade de que, a cada seis horas, uma mulher \u00e9 assassinada por um homem no pa\u00eds. Esta declara\u00e7\u00e3o n\u00e3o apenas [&hellip;]<\/p>\n","protected":false},"author":4,"featured_media":0,"comment_status":"open","ping_status":"open","sticky":false,"template":"","format":"standard","meta":{"footnotes":""},"categories":[12],"tags":[202,1914,634,894,636],"class_list":["post-8531","post","type-post","status-publish","format-standard","hentry","category-tvriodejaneiro","tag-educacao","tag-direitos-das-mulheres","tag-feminicidio","tag-igualdade","tag-violencia-de-genero"],"_links":{"self":[{"href":"https:\/\/www.7tvs.com.br\/7tvs\/wp-json\/wp\/v2\/posts\/8531","targetHints":{"allow":["GET"]}}],"collection":[{"href":"https:\/\/www.7tvs.com.br\/7tvs\/wp-json\/wp\/v2\/posts"}],"about":[{"href":"https:\/\/www.7tvs.com.br\/7tvs\/wp-json\/wp\/v2\/types\/post"}],"author":[{"embeddable":true,"href":"https:\/\/www.7tvs.com.br\/7tvs\/wp-json\/wp\/v2\/users\/4"}],"replies":[{"embeddable":true,"href":"https:\/\/www.7tvs.com.br\/7tvs\/wp-json\/wp\/v2\/comments?post=8531"}],"version-history":[{"count":0,"href":"https:\/\/www.7tvs.com.br\/7tvs\/wp-json\/wp\/v2\/posts\/8531\/revisions"}],"wp:attachment":[{"href":"https:\/\/www.7tvs.com.br\/7tvs\/wp-json\/wp\/v2\/media?parent=8531"}],"wp:term":[{"taxonomy":"category","embeddable":true,"href":"https:\/\/www.7tvs.com.br\/7tvs\/wp-json\/wp\/v2\/categories?post=8531"},{"taxonomy":"post_tag","embeddable":true,"href":"https:\/\/www.7tvs.com.br\/7tvs\/wp-json\/wp\/v2\/tags?post=8531"}],"curies":[{"name":"wp","href":"https:\/\/api.w.org\/{rel}","templated":true}]}}