{"id":8530,"date":"2026-03-10T00:04:50","date_gmt":"2026-03-10T03:04:50","guid":{"rendered":"https:\/\/www.7tvs.com.br\/7tvs\/2026\/03\/10\/obitorio-curitiba-9-marco-2026\/"},"modified":"2026-03-10T00:04:50","modified_gmt":"2026-03-10T03:04:50","slug":"obitorio-curitiba-9-marco-2026","status":"publish","type":"post","link":"https:\/\/www.7tvs.com.br\/7tvs\/2026\/03\/10\/obitorio-curitiba-9-marco-2026\/","title":{"rendered":"Obitu\u00e1rio: Falecimentos em Curitiba em 9 de mar\u00e7o de 2026"},"content":{"rendered":"\n<p>Nesta segunda-feira, 9 de mar\u00e7o de 2026, Curitiba registrou a perda de v\u00e1rias pessoas, conforme informa\u00e7\u00f5es fornecidas pela Prefeitura da cidade. A lista de falecimentos inclui detalhes sobre cada indiv\u00edduo, como idade, profiss\u00e3o e locais de sepultamento, que ocorrer\u00e3o nos dias subsequentes.<\/p>\n\n\n\n<h2 class=\"wp-block-heading\">Falecimentos Registrados<\/h2>\n\n\n\n<p>Entre os falecimentos, destaca-se o de Maria Elisa Gomes Figueira, uma t\u00e9cnica de enfermagem de 55 anos, que faleceu no Hospital Fraturas XV. O sepultamento est\u00e1 agendado para o dia 10 de mar\u00e7o, no munic\u00edpio de origem, e ser\u00e1 organizado pela Funer\u00e1ria Jess.<\/p>\n\n\n\n<p>Outro caso \u00e9 o de T\u00e2nia Mara Schneider, uma professora de 69 anos, que veio a falecer no Hospital Cl\u00ednicas da UFPR. O sepultamento ocorrer\u00e1 no mesmo dia \u00e0s 17h, com vel\u00f3rio na Capela Municipal do munic\u00edpio de origem e servi\u00e7os da Funer\u00e1ria Buchoski.<\/p>\n\n\n\n<h2 class=\"wp-block-heading\">Detalhes de Outras Perdas<\/h2>\n\n\n\n<p>Ana da Concei\u00e7\u00e3o Coelho dos Santos, de 83 anos e residente em Arauc\u00e1ria, tamb\u00e9m faleceu no dia 9 de mar\u00e7o, no Hospital Sugisawa. O vel\u00f3rio ser\u00e1 na Capela do Cemit\u00e9rio Jardim Independ\u00eancia, com sepultamento programado para 11h30 do dia seguinte.<\/p>\n\n\n\n<p>Fabiano de Jesus Vieira, um costureiro de 32 anos, faleceu na via p\u00fablica em Curitiba, e ser\u00e1 sepultado no Cemit\u00e9rio Municipal Boqueir\u00e3o. Seu vel\u00f3rio ser\u00e1 realizado na Diretoria no dia 10 de mar\u00e7o \u00e0s 11h.<\/p>\n\n\n\n<h2 class=\"wp-block-heading\">Outras V\u00edtimas e Suas Hist\u00f3rias<\/h2>\n\n\n\n<p>Albino Jorge Fernandes, de 79 anos, faleceu no Hospital Cruz Vermelha e ser\u00e1 sepultado na cidade de origem, com vel\u00f3rio na Capela Municipal. O sepultamento est\u00e1 previsto para 17h do dia 10 de mar\u00e7o, sob os cuidados da Funer\u00e1ria Bom Jesus.<\/p>\n\n\n\n<p>Jos\u00e9 Valentim dos Santos, pedreiro de 97 anos, faleceu no Hospital S\u00e3o Rafael Arcanjo, em Colombo. Ele ser\u00e1 sepultado no Cemit\u00e9rio Jardim da Paz em Curitiba, com vel\u00f3rio na Capela do cemit\u00e9rio.<\/p>\n\n\n\n<h2 class=\"wp-block-heading\">A Import\u00e2ncia da Mem\u00f3ria<\/h2>\n\n\n\n<p>Esses falecimentos refletem n\u00e3o apenas a tristeza de suas fam\u00edlias, mas tamb\u00e9m a import\u00e2ncia de honrar a mem\u00f3ria dessas pessoas que contribu\u00edram para a sociedade. A comunidade de Curitiba se une em solidariedade, prestando suas condol\u00eancias e lembrando das vidas que foram vividas.<\/p>\n\n\n\n<p>Conforme os sepultamentos se aproximam, amigos e familiares se preparam para dar o \u00faltimo adeus, em homenagens que celebram a vida e a trajet\u00f3ria de cada um dos falecidos.<\/p>\n","protected":false},"excerpt":{"rendered":"<p>Nesta segunda-feira, 9 de mar\u00e7o de 2026, Curitiba registrou a perda de v\u00e1rias pessoas, conforme informa\u00e7\u00f5es fornecidas pela Prefeitura da cidade. A lista de falecimentos inclui detalhes sobre cada indiv\u00edduo, como idade, profiss\u00e3o e locais de sepultamento, que ocorrer\u00e3o nos dias subsequentes. Falecimentos Registrados Entre os falecimentos, destaca-se o de Maria Elisa Gomes Figueira, uma [&hellip;]<\/p>\n","protected":false},"author":4,"featured_media":0,"comment_status":"open","ping_status":"open","sticky":false,"template":"","format":"standard","meta":{"footnotes":""},"categories":[367],"tags":[618,2315,2582,1018,2314],"class_list":["post-8530","post","type-post","status-publish","format-standard","hentry","category-tvparana","tag-curitiba","tag-falecimentos","tag-homenagens","tag-memoria","tag-obituario"],"_links":{"self":[{"href":"https:\/\/www.7tvs.com.br\/7tvs\/wp-json\/wp\/v2\/posts\/8530","targetHints":{"allow":["GET"]}}],"collection":[{"href":"https:\/\/www.7tvs.com.br\/7tvs\/wp-json\/wp\/v2\/posts"}],"about":[{"href":"https:\/\/www.7tvs.com.br\/7tvs\/wp-json\/wp\/v2\/types\/post"}],"author":[{"embeddable":true,"href":"https:\/\/www.7tvs.com.br\/7tvs\/wp-json\/wp\/v2\/users\/4"}],"replies":[{"embeddable":true,"href":"https:\/\/www.7tvs.com.br\/7tvs\/wp-json\/wp\/v2\/comments?post=8530"}],"version-history":[{"count":0,"href":"https:\/\/www.7tvs.com.br\/7tvs\/wp-json\/wp\/v2\/posts\/8530\/revisions"}],"wp:attachment":[{"href":"https:\/\/www.7tvs.com.br\/7tvs\/wp-json\/wp\/v2\/media?parent=8530"}],"wp:term":[{"taxonomy":"category","embeddable":true,"href":"https:\/\/www.7tvs.com.br\/7tvs\/wp-json\/wp\/v2\/categories?post=8530"},{"taxonomy":"post_tag","embeddable":true,"href":"https:\/\/www.7tvs.com.br\/7tvs\/wp-json\/wp\/v2\/tags?post=8530"}],"curies":[{"name":"wp","href":"https:\/\/api.w.org\/{rel}","templated":true}]}}