{"id":8529,"date":"2026-03-10T00:04:49","date_gmt":"2026-03-10T03:04:49","guid":{"rendered":"https:\/\/www.7tvs.com.br\/7tvs\/2026\/03\/10\/falecimentos-curitiba-marco-2026\/"},"modified":"2026-03-10T00:04:49","modified_gmt":"2026-03-10T03:04:49","slug":"falecimentos-curitiba-marco-2026","status":"publish","type":"post","link":"https:\/\/www.7tvs.com.br\/7tvs\/2026\/03\/10\/falecimentos-curitiba-marco-2026\/","title":{"rendered":"Falecimentos em Curitiba: Atualiza\u00e7\u00e3o de 9 de mar\u00e7o de 2026"},"content":{"rendered":"\n<p>Na noite desta segunda-feira, 9 de mar\u00e7o de 2026, o site Bem Paran\u00e1 divulgou a lista atualizada de falecimentos em Curitiba, incluindo informa\u00e7\u00f5es sobre os locais e hor\u00e1rios dos sepultamentos. As informa\u00e7\u00f5es foram fornecidas pela Prefeitura da cidade e refletem a realidade de uma comunidade em luto.<\/p>\n\n\n\n<h2 class=\"wp-block-heading\">Falecimentos Registrados<\/h2>\n\n\n\n<p>Entre os falecimentos, destaca-se o de Maria Elisa Gomes Figueira, uma t\u00e9cnica de enfermagem de 55 anos, que faleceu no Hospital Fraturas XV. O sepultamento est\u00e1 agendado para ter\u00e7a-feira, 10 de mar\u00e7o, no munic\u00edpio de origem, com vel\u00f3rio em sua resid\u00eancia.<\/p>\n\n\n\n<p>T\u00e2nia Mara Schneider, de 69 anos, tamb\u00e9m foi lembrada. Professora com um legado significativo na educa\u00e7\u00e3o, ela faleceu no Hospital Cl\u00ednicas da UFPR. Seu sepultamento ocorrer\u00e1 no mesmo dia, \u00e0s 17h, na capela municipal de sua cidade natal.<\/p>\n\n\n\n<p>Outro registro \u00e9 de Ana da Concei\u00e7\u00e3o Coelho dos Santos, de 83 anos, que partiu no Hospital Sugisawa. O sepultamento ser\u00e1 em Arauc\u00e1ria, no Cemit\u00e9rio Jardim Independ\u00eancia, na manh\u00e3 do dia 10, \u00e0s 11h30.<\/p>\n\n\n\n<h2 class=\"wp-block-heading\">Outros Nomes na Lista<\/h2>\n\n\n\n<p>Fabiano de Jesus Vieira, um costureiro de 32 anos, faleceu em um acidente na via p\u00fablica e ser\u00e1 sepultado no Cemit\u00e9rio Municipal Boqueir\u00e3o. O vel\u00f3rio acontece no mesmo dia em que ser\u00e1 realizado o sepultamento, \u00e0s 11h.<\/p>\n\n\n\n<p>Albino Jorge Fernandes, de 79 anos, tamb\u00e9m faleceu nesta data, no Hospital Cruz Vermelha. O sepultamento est\u00e1 previsto para \u00e0s 17h, na cidade de origem, ap\u00f3s o vel\u00f3rio na capela municipal.<\/p>\n\n\n\n<h2 class=\"wp-block-heading\">Vidas que Deixaram Marcas<\/h2>\n\n\n\n<p>Paulo Henrique Sado, um comerciante de 59 anos, e Clodoaldo Mariano da Silva, jardineiro de 50 anos, tamb\u00e9m constam na lista de falecimentos. Ambos ser\u00e3o sepultados no dia 10 de mar\u00e7o, em cerim\u00f4nias que refletem a import\u00e2ncia de suas contribui\u00e7\u00f5es para a comunidade.<\/p>\n\n\n\n<p>Jose Valentim dos Santos, de 97 anos, e Paulo Batista de Oliveira, de 60 anos, s\u00e3o outras duas vidas que se apagaram, deixando um legado de mem\u00f3rias e hist\u00f3rias. O sepultamento de Jose ser\u00e1 no Cemit\u00e9rio Jardim da Paz, enquanto Paulo ser\u00e1 sepultado no mesmo dia em local ainda a ser definido.<\/p>\n\n\n\n<h2 class=\"wp-block-heading\">Reflex\u00e3o sobre a Perda<\/h2>\n\n\n\n<p>Esses falecimentos n\u00e3o apenas marcam a perda de vidas, mas tamb\u00e9m nos lembram da fragilidade da exist\u00eancia e da import\u00e2ncia de valorizar cada momento. A comunidade de Curitiba se une em solidariedade, prestando homenagem \u00e0 mem\u00f3ria daqueles que partiram e oferecendo apoio aos familiares enlutados.<\/p>\n\n\n\n<p>A lista de falecimentos \u00e9 um lembrete da passagem do tempo e da necessidade de celebrar as vidas que tocaram a todos de alguma forma. A Prefeitura continua a fornecer informa\u00e7\u00f5es atualizadas para ajudar na organiza\u00e7\u00e3o dos funerais e no suporte \u00e0s fam\u00edlias enlutadas.<\/p>\n","protected":false},"excerpt":{"rendered":"<p>Na noite desta segunda-feira, 9 de mar\u00e7o de 2026, o site Bem Paran\u00e1 divulgou a lista atualizada de falecimentos em Curitiba, incluindo informa\u00e7\u00f5es sobre os locais e hor\u00e1rios dos sepultamentos. As informa\u00e7\u00f5es foram fornecidas pela Prefeitura da cidade e refletem a realidade de uma comunidade em luto. Falecimentos Registrados Entre os falecimentos, destaca-se o de [&hellip;]<\/p>\n","protected":false},"author":4,"featured_media":8550,"comment_status":"open","ping_status":"open","sticky":false,"template":"","format":"standard","meta":{"footnotes":""},"categories":[367],"tags":[654,659,618,2315,1093,917,2314,641,861],"class_list":["post-8529","post","type-post","status-publish","format-standard","has-post-thumbnail","hentry","category-tvparana","tag-comunidade","tag-cultura","tag-curitiba","tag-falecimentos","tag-luto","tag-noticias","tag-obituario","tag-saude","tag-solidariedade"],"_links":{"self":[{"href":"https:\/\/www.7tvs.com.br\/7tvs\/wp-json\/wp\/v2\/posts\/8529","targetHints":{"allow":["GET"]}}],"collection":[{"href":"https:\/\/www.7tvs.com.br\/7tvs\/wp-json\/wp\/v2\/posts"}],"about":[{"href":"https:\/\/www.7tvs.com.br\/7tvs\/wp-json\/wp\/v2\/types\/post"}],"author":[{"embeddable":true,"href":"https:\/\/www.7tvs.com.br\/7tvs\/wp-json\/wp\/v2\/users\/4"}],"replies":[{"embeddable":true,"href":"https:\/\/www.7tvs.com.br\/7tvs\/wp-json\/wp\/v2\/comments?post=8529"}],"version-history":[{"count":0,"href":"https:\/\/www.7tvs.com.br\/7tvs\/wp-json\/wp\/v2\/posts\/8529\/revisions"}],"wp:featuredmedia":[{"embeddable":true,"href":"https:\/\/www.7tvs.com.br\/7tvs\/wp-json\/wp\/v2\/media\/8550"}],"wp:attachment":[{"href":"https:\/\/www.7tvs.com.br\/7tvs\/wp-json\/wp\/v2\/media?parent=8529"}],"wp:term":[{"taxonomy":"category","embeddable":true,"href":"https:\/\/www.7tvs.com.br\/7tvs\/wp-json\/wp\/v2\/categories?post=8529"},{"taxonomy":"post_tag","embeddable":true,"href":"https:\/\/www.7tvs.com.br\/7tvs\/wp-json\/wp\/v2\/tags?post=8529"}],"curies":[{"name":"wp","href":"https:\/\/api.w.org\/{rel}","templated":true}]}}