{"id":8528,"date":"2026-03-10T00:04:32","date_gmt":"2026-03-10T03:04:32","guid":{"rendered":"https:\/\/www.7tvs.com.br\/7tvs\/2026\/03\/10\/posse-lideres-justica-eleitoral-sc\/"},"modified":"2026-03-10T00:04:32","modified_gmt":"2026-03-10T03:04:32","slug":"posse-lideres-justica-eleitoral-sc","status":"publish","type":"post","link":"https:\/\/www.7tvs.com.br\/7tvs\/2026\/03\/10\/posse-lideres-justica-eleitoral-sc\/","title":{"rendered":"Posse dos Novos L\u00edderes da Justi\u00e7a Eleitoral em Santa Catarina para o Bi\u00eanio 2026-2027"},"content":{"rendered":"\n<p>A Justi\u00e7a Eleitoral de Santa Catarina passou a contar com novos dirigentes, com a cerim\u00f4nia de posse dos presidentes e vice-presidentes para o bi\u00eanio 2026-2027. O evento ocorreu recentemente, destacando a import\u00e2ncia da continuidade e renova\u00e7\u00e3o da gest\u00e3o no sistema eleitoral do estado.<\/p>\n\n\n\n<h2 class=\"wp-block-heading\">Cerim\u00f4nia de Posse<\/h2>\n\n\n\n<p>A cerim\u00f4nia de posse foi marcada por discursos que ressaltaram o compromisso com a transpar\u00eancia e a efici\u00eancia nas pr\u00f3ximas elei\u00e7\u00f5es. Os novos l\u00edderes assumem suas fun\u00e7\u00f5es em um momento crucial, onde a integridade do processo eleitoral se torna ainda mais relevante, especialmente com a proximidade de novos pleitos.<\/p>\n\n\n\n<h2 class=\"wp-block-heading\">Desafios \u00e0 Vista<\/h2>\n\n\n\n<p>Os presidentes empossados enfrentam diversos desafios, incluindo a moderniza\u00e7\u00e3o dos processos eleitorais e a promo\u00e7\u00e3o da participa\u00e7\u00e3o cidad\u00e3. A implementa\u00e7\u00e3o de novas tecnologias ser\u00e1 fundamental para garantir a seguran\u00e7a e a agilidade nas vota\u00e7\u00f5es, al\u00e9m de assegurar que todos os eleitores tenham acesso facilitado \u00e0s informa\u00e7\u00f5es.<\/p>\n\n\n\n<h2 class=\"wp-block-heading\">Expectativas para o Bi\u00eanio<\/h2>\n\n\n\n<p>As expectativas em torno da nova gest\u00e3o s\u00e3o altas. Com um foco em inova\u00e7\u00e3o e responsabilidade, os novos dirigentes pretendem fortalecer a confian\u00e7a da popula\u00e7\u00e3o nas institui\u00e7\u00f5es eleitorais. A participa\u00e7\u00e3o ativa da sociedade civil e o engajamento de diferentes segmentos da comunidade ser\u00e3o essenciais para o sucesso das iniciativas planejadas.<\/p>\n\n\n\n<h2 class=\"wp-block-heading\">Conclus\u00e3o<\/h2>\n\n\n\n<p>A posse dos novos presidentes e vice-presidentes da Justi\u00e7a Eleitoral de Santa Catarina representa um marco importante para o bi\u00eanio 2026-2027. Com um olhar voltado para o futuro, a gest\u00e3o busca enfrentar os desafios contempor\u00e2neos e promover um sistema eleitoral mais justo e eficiente, em benef\u00edcio da democracia e da cidadania.<\/p>\n","protected":false},"excerpt":{"rendered":"<p>A Justi\u00e7a Eleitoral de Santa Catarina passou a contar com novos dirigentes, com a cerim\u00f4nia de posse dos presidentes e vice-presidentes para o bi\u00eanio 2026-2027. O evento ocorreu recentemente, destacando a import\u00e2ncia da continuidade e renova\u00e7\u00e3o da gest\u00e3o no sistema eleitoral do estado. Cerim\u00f4nia de Posse A cerim\u00f4nia de posse foi marcada por discursos que [&hellip;]<\/p>\n","protected":false},"author":4,"featured_media":0,"comment_status":"open","ping_status":"open","sticky":false,"template":"","format":"standard","meta":{"footnotes":""},"categories":[359],"tags":[1654,1283,2581,2341,615,908,421],"class_list":["post-8528","post","type-post","status-publish","format-standard","hentry","category-tvsantacatarina","tag-democracia","tag-justica-eleitoral","tag-lideres","tag-posse","tag-santa-catarina","tag-tecnologia","tag-transparencia"],"_links":{"self":[{"href":"https:\/\/www.7tvs.com.br\/7tvs\/wp-json\/wp\/v2\/posts\/8528","targetHints":{"allow":["GET"]}}],"collection":[{"href":"https:\/\/www.7tvs.com.br\/7tvs\/wp-json\/wp\/v2\/posts"}],"about":[{"href":"https:\/\/www.7tvs.com.br\/7tvs\/wp-json\/wp\/v2\/types\/post"}],"author":[{"embeddable":true,"href":"https:\/\/www.7tvs.com.br\/7tvs\/wp-json\/wp\/v2\/users\/4"}],"replies":[{"embeddable":true,"href":"https:\/\/www.7tvs.com.br\/7tvs\/wp-json\/wp\/v2\/comments?post=8528"}],"version-history":[{"count":0,"href":"https:\/\/www.7tvs.com.br\/7tvs\/wp-json\/wp\/v2\/posts\/8528\/revisions"}],"wp:attachment":[{"href":"https:\/\/www.7tvs.com.br\/7tvs\/wp-json\/wp\/v2\/media?parent=8528"}],"wp:term":[{"taxonomy":"category","embeddable":true,"href":"https:\/\/www.7tvs.com.br\/7tvs\/wp-json\/wp\/v2\/categories?post=8528"},{"taxonomy":"post_tag","embeddable":true,"href":"https:\/\/www.7tvs.com.br\/7tvs\/wp-json\/wp\/v2\/tags?post=8528"}],"curies":[{"name":"wp","href":"https:\/\/api.w.org\/{rel}","templated":true}]}}