{"id":8524,"date":"2026-03-10T00:03:34","date_gmt":"2026-03-10T03:03:34","guid":{"rendered":"https:\/\/www.7tvs.com.br\/7tvs\/2026\/03\/10\/centro-imagem-vespasiano\/"},"modified":"2026-03-10T00:03:34","modified_gmt":"2026-03-10T03:03:34","slug":"centro-imagem-vespasiano","status":"publish","type":"post","link":"https:\/\/www.7tvs.com.br\/7tvs\/2026\/03\/10\/centro-imagem-vespasiano\/","title":{"rendered":"Minas Gerais Inaugura Novo Centro de Imagem em Vespasiano com Investimento de R$ 3,1 Milh\u00f5es"},"content":{"rendered":"\n<p>O governo de Minas Gerais ampliou os servi\u00e7os de sa\u00fade na regi\u00e3o metropolitana ao inaugurar um novo centro de imagem em Vespasiano. Este investimento, que totaliza aproximadamente R$ 3,1 milh\u00f5es, visa melhorar o atendimento \u00e0 popula\u00e7\u00e3o local e garantir acesso a diagn\u00f3sticos mais precisos e r\u00e1pidos.<\/p>\n\n\n\n<h2 class=\"wp-block-heading\">Equipamentos Modernos para Diagn\u00f3stico<\/h2>\n\n\n\n<p>A nova unidade de sa\u00fade n\u00e3o apenas conta com a entrega de um tom\u00f3grafo, mas tamb\u00e9m inclui a aquisi\u00e7\u00e3o de equipamentos de ultrassom e raio-x. Essa moderniza\u00e7\u00e3o \u00e9 parte de um esfor\u00e7o cont\u00ednuo do governo para atualizar a infraestrutura de sa\u00fade, permitindo que os profissionais m\u00e9dicos realizem exames com maior efici\u00eancia e qualidade.<\/p>\n\n\n\n<h2 class=\"wp-block-heading\">Impacto no Atendimento \u00e0 Sa\u00fade<\/h2>\n\n\n\n<p>Com a inaugura\u00e7\u00e3o deste centro de imagem, espera-se que a popula\u00e7\u00e3o de Vespasiano e arredores tenha acesso facilitado a exames essenciais. A agilidade na realiza\u00e7\u00e3o de diagn\u00f3sticos \u00e9 fundamental para o tratamento precoce de diversas condi\u00e7\u00f5es de sa\u00fade, o que pode, em \u00faltima an\u00e1lise, salvar vidas.<\/p>\n\n\n\n<h2 class=\"wp-block-heading\">Compromisso com a Sa\u00fade P\u00fablica<\/h2>\n\n\n\n<p>O investimento em sa\u00fade p\u00fablica reflete o compromisso do governo estadual em priorizar o bem-estar da popula\u00e7\u00e3o. Al\u00e9m da moderniza\u00e7\u00e3o dos equipamentos, o governo busca aumentar a capacidade de atendimento e melhorar a experi\u00eancia dos usu\u00e1rios nos servi\u00e7os de sa\u00fade.<\/p>\n\n\n\n<h2 class=\"wp-block-heading\">Expectativas Futuras<\/h2>\n\n\n\n<p>Com a inaugura\u00e7\u00e3o do centro de imagem, as autoridades esperam n\u00e3o apenas atender a demanda local, mas tamb\u00e9m servir como um modelo para futuros investimentos na \u00e1rea da sa\u00fade em Minas Gerais. O aprimoramento cont\u00ednuo das infraestruturas m\u00e9dicas \u00e9 essencial para garantir um sistema de sa\u00fade mais robusto e eficaz no estado.<\/p>\n","protected":false},"excerpt":{"rendered":"<p>O governo de Minas Gerais ampliou os servi\u00e7os de sa\u00fade na regi\u00e3o metropolitana ao inaugurar um novo centro de imagem em Vespasiano. Este investimento, que totaliza aproximadamente R$ 3,1 milh\u00f5es, visa melhorar o atendimento \u00e0 popula\u00e7\u00e3o local e garantir acesso a diagn\u00f3sticos mais precisos e r\u00e1pidos. Equipamentos Modernos para Diagn\u00f3stico A nova unidade de sa\u00fade [&hellip;]<\/p>\n","protected":false},"author":4,"featured_media":8548,"comment_status":"open","ping_status":"open","sticky":false,"template":"","format":"standard","meta":{"footnotes":""},"categories":[8],"tags":[2579,1385,165,641,2578],"class_list":["post-8524","post","type-post","status-publish","format-standard","has-post-thumbnail","hentry","category-tvminasgerais","tag-centro-de-imagem","tag-investimento","tag-minas-gerais","tag-saude","tag-vespasiano"],"_links":{"self":[{"href":"https:\/\/www.7tvs.com.br\/7tvs\/wp-json\/wp\/v2\/posts\/8524","targetHints":{"allow":["GET"]}}],"collection":[{"href":"https:\/\/www.7tvs.com.br\/7tvs\/wp-json\/wp\/v2\/posts"}],"about":[{"href":"https:\/\/www.7tvs.com.br\/7tvs\/wp-json\/wp\/v2\/types\/post"}],"author":[{"embeddable":true,"href":"https:\/\/www.7tvs.com.br\/7tvs\/wp-json\/wp\/v2\/users\/4"}],"replies":[{"embeddable":true,"href":"https:\/\/www.7tvs.com.br\/7tvs\/wp-json\/wp\/v2\/comments?post=8524"}],"version-history":[{"count":0,"href":"https:\/\/www.7tvs.com.br\/7tvs\/wp-json\/wp\/v2\/posts\/8524\/revisions"}],"wp:featuredmedia":[{"embeddable":true,"href":"https:\/\/www.7tvs.com.br\/7tvs\/wp-json\/wp\/v2\/media\/8548"}],"wp:attachment":[{"href":"https:\/\/www.7tvs.com.br\/7tvs\/wp-json\/wp\/v2\/media?parent=8524"}],"wp:term":[{"taxonomy":"category","embeddable":true,"href":"https:\/\/www.7tvs.com.br\/7tvs\/wp-json\/wp\/v2\/categories?post=8524"},{"taxonomy":"post_tag","embeddable":true,"href":"https:\/\/www.7tvs.com.br\/7tvs\/wp-json\/wp\/v2\/tags?post=8524"}],"curies":[{"name":"wp","href":"https:\/\/api.w.org\/{rel}","templated":true}]}}